{"id":204,"date":"2018-08-31T14:29:12","date_gmt":"2018-08-31T12:29:12","guid":{"rendered":"http:\/\/paplinska.pl\/wordpress\/?p=204"},"modified":"2018-09-02T22:39:05","modified_gmt":"2018-09-02T20:39:05","slug":"zastepcza-kara-pozbawienia-wolnosci-zastepcza-kara-aresztu","status":"publish","type":"post","link":"https:\/\/paplinska.pl\/wordpress\/2018\/08\/31\/zastepcza-kara-pozbawienia-wolnosci-zastepcza-kara-aresztu\/","title":{"rendered":"Zast\u0119pcza kara pozbawienia wolno\u015bci, zast\u0119pcza kara aresztu"},"content":{"rendered":"<div class=\"blogpost\">\n<span style=\"color: #000000; line-height: 2.1; font-size: 15px;\">Bardzo cz\u0119sto zdarza si\u0119, \u017ce skazani na kar\u0119 ograniczenia wolno\u015bci lub grzywny, bagatelizuj\u0105 otrzymany wyrok i z r\u00f3\u017cnych powod\u00f3w nie wykonuj\u0105 na\u0142o\u017conych na nich obowi\u0105zk\u00f3w. Niestety,<strong> mo\u017ce to przynie\u015b\u0107 za sob\u0105 przykre konsekwencje, w postaci orzeczenia zast\u0119pczej kary pozbawienia wolno\u015bci<\/strong>. Co zrobi\u0107 w takiej sytuacji?<\/span><\/p>\n<p><span style=\"color: #000000; line-height: 2.1; font-size: 15px;\"><!--more--><\/span><\/p>\n<p><span style=\"color: #000000; line-height: 2.1; font-size: 15px;\">W pierwszej kolejno\u015bci nale\u017cy rozr\u00f3\u017cni\u0107 <strong>zast\u0119pcz\u0105 kar\u0119 pozbawienia wolno\u015bci<\/strong>, orzekan\u0105 w przypadku niewykonania obowi\u0105zk\u00f3w na\u0142o\u017conych wyrokiem w sprawie <strong>karnej<\/strong>, od <strong>zast\u0119pczej kary aresztu<\/strong>, orzekanej w przypadku niewykonania obowi\u0105zk\u00f3w na\u0142o\u017conych wyrokiem w sprawie <strong>wykroczeniowej<\/strong>.<\/span><\/p>\n<p><span style=\"color: #000000; line-height: 2.1; font-size: 15px;\">Dodatkowo, orzeczenie zast\u0119pczej kary pozbawienia wolno\u015bci (aresztu) mo\u017ce nast\u0105pi\u0107 za <strong>niewykonanie kary ograniczenia wolno\u015bci<\/strong> lub <strong>grzywny<\/strong>.<\/span><\/p>\n<p><span style=\"color: #000000; line-height: 2.1; font-size: 15px;\">Poni\u017cej om\u00f3wione zostan\u0105 wszystkie te przypadki i mo\u017cliwo\u015bci dzia\u0142ania w takich sytuacjach.<\/span><\/p>\n<ol>\n<li><span style=\"color: #000000; line-height: 2.1; font-size: 15px;\"><strong>Zast\u0119pcza kara pozbawienia wolno\u015bci za ograniczenie wolno\u015bci (art. 65 KKW)<\/strong><\/span><\/li>\n<\/ol>\n<p><span style=\"color: #000000; line-height: 2.1; font-size: 15px;\">Zast\u0119pcz\u0105 kar\u0119 pozbawienia wolno\u015bci zarz\u0105dza si\u0119 <strong>obligatoryjnie<\/strong>, je\u015bli <strong>skazany uchyla si\u0119 od odbywania kary ograniczenia wolno\u015bci,<\/strong> a <strong>fakultatywnie<\/strong>, je\u015bli <strong>skazany uchyla si\u0119 od \u015bwiadczenia pieni\u0119\u017cnego lub innych obowi\u0105zk\u00f3w<\/strong> na\u0142o\u017conych na niego wyrokiem karnym. Orzeka si\u0119 j\u0105 w wymiarze pozosta\u0142ej do wykonania kary ograniczenia wolno\u015bci, przyjmuj\u0105c, \u017ce jeden dzie\u0144 zast\u0119pczej kary pozbawienia wolno\u015bci r\u00f3wnowa\u017cny jest dw\u00f3m dniom kary ograniczenia wolno\u015bci (przyk\u0142ad \u2013 60 dni kary ograniczenia wolno\u015bci odpowiada\u0107 b\u0119dzie 30 dniom zast\u0119pczej kary pozbawienia wolno\u015bci).<\/span><\/p>\n<p><span style=\"color: #000000; line-height: 2.1; font-size: 15px;\">Je\u015bli ustawa za dane przest\u0119pstwo <strong>nie przewiduje kary pozbawienia wolno\u015bci<\/strong>, g\u00f3rna granica zast\u0119pczej kary pozbawienia wolno\u015bci <strong>nie mo\u017ce przekroczy\u0107 6 miesi\u0119cy<\/strong>. Z wnioskiem o zarz\u0105dzenie takiej kary najcz\u0119\u015bciej zwraca si\u0119 kurator, kt\u00f3ry informuje s\u0105d, \u017ce skazany nie wywi\u0105zuje na\u0142o\u017conych na niego obowi\u0105zk\u00f3w. S\u0105d wyznacza posiedzenie, w kt\u00f3rym udzia\u0142 wzi\u0105\u0107 mo\u017ce, opr\u00f3cz skazanego i jego obro\u0144cy, udzia\u0142 tak\u017ce kurator i prokurator. Na wydane postanowienie <strong>przys\u0142uguje za\u017calenie<\/strong>.<\/span><\/p>\n<p><span style=\"color: #000000; line-height: 2.1; font-size: 15px;\"><strong>Co robi\u0107, je\u015bli s\u0105d zarz\u0105dzi wykonanie zast\u0119pczej kary pozbawienia wolno\u015bci?<\/strong><\/span><\/p>\n<p><span style=\"color: #000000; line-height: 2.1; font-size: 15px;\">W takiej sytuacji nale\u017cy <strong>niezw\u0142ocznie z\u0142o\u017cy\u0107 do s\u0105du wniosek o jej wstrzymanie, wraz z o\u015bwiadczeniem, \u017ce skazany zobowi\u0105zuje si\u0119 podj\u0105\u0107 odbywania kary ograniczenia wolno\u015bci i podda si\u0119 pierwotnie orzeczonym rygorom z ni\u0105 zwi\u0105zanym<\/strong>. Wstrzymanie nast\u0119puje wtedy do czasu wykonania kary ograniczenia wolno\u015bci. W przypadku ponownego uchylenia si\u0119 od wykonania kary ograniczenia wolno\u015bci \u2013 s\u0105d zarz\u0105dzi wykonanie zast\u0119pczej kary pozbawienia wolno\u015bci. <strong>Skazany nie b\u0119dzie m\u00f3g\u0142 ponownie ubiega\u0107 si\u0119 o wstrzymanie wykonania zast\u0119pczej kary pozbawienia wolno\u015bci na tej podstawie<\/strong>.<\/span><\/p>\n<p><span style=\"color: #000000; line-height: 2.1; font-size: 15px;\">Co istotne, z wy\u017cej omawianej instytucji mo\u017cna skorzysta\u0107 w ka\u017cdym czasie, co oznacza, \u017ce <strong>wniosek taki mo\u017cna z\u0142o\u017cy\u0107 ju\u017c po rozpocz\u0119ciu wykonania kary w zak\u0142adzie karnym<\/strong>.<\/span><\/p>\n<ol start=\"2\">\n<li><span style=\"color: #000000; line-height: 2.1; font-size: 15px;\"><strong>Zast\u0119pcza kara pozbawienia wolno\u015bci za nieuiszczon\u0105 grzywn\u0119 (art. 46 KKW)<\/strong><\/span><\/li>\n<\/ol>\n<p><span style=\"color: #000000; line-height: 2.1; font-size: 15px;\">Zasadniczo, je\u015bli egzekucja grzywny nieprzekraczaj\u0105cej 120 stawek dziennych (lub 240 000 z\u0142otych, je\u015bli grzywna jest orzekana kwotowo) jest bezskuteczna, albo z okoliczno\u015bci sprawy wynika, i\u017c by\u0142aby ona bezskuteczna, <strong>s\u0105d mo\u017ce zamieni\u0107 grzywn\u0119 na prac\u0119 spo\u0142ecznie u\u017cyteczn\u0105<\/strong>.  W przypadku, w kt\u00f3rym:<\/span><\/p>\n<ul>\n<li><span style=\"color: #000000; line-height: 2.1; font-size: 15px;\">skazany o\u015bwiadczy, \u017ce <strong>nie wyra\u017ca zgody na podj\u0119cie pracy spo\u0142ecznie u\u017cytecznej<\/strong><\/span><\/li>\n<li><span style=\"color: #000000; line-height: 2.1; font-size: 15px;\"><strong>uchyla si\u0119 od jej wykonania<\/strong><\/span><\/li>\n<li><span style=\"color: #000000; line-height: 2.1; font-size: 15px;\"><strong>zamiana grzywny na prac\u0119 spo\u0142ecznie u\u017cyteczn\u0105 jest niemo\u017cliwa lub niecelowa<\/strong> (np. grzywna przekracza 120 stawek dziennych lub 240 tys. z\u0142otych),<\/span><\/li>\n<\/ul>\n<p><span style=\"color: #000000; line-height: 2.1; font-size: 15px;\">s\u0105d obligatoryjnie zarz\u0105dza wykonanie kary pozbawienia wolno\u015bci.<\/span><\/p>\n<p><span style=\"color: #000000; line-height: 2.1; font-size: 15px;\">Przyjmuje si\u0119, \u017ce jeden dzie\u0144 pozbawienia wolno\u015bci jest r\u00f3wnowa\u017cny dw\u00f3m stawkom dziennym grzywny. Zast\u0119pcza kara pozbawienia wolno\u015bci <strong>nie mo\u017ce przekroczy\u0107 12 miesi\u0119cy<\/strong> (6 miesi\u0119cy, je\u015bli ustawa za dany czyn nie przewiduje kary pozbawienia wolno\u015bci), jak r\u00f3wnie\u017c <strong>g\u00f3rnej granicy kary za dane przest\u0119pstwo<\/strong>.<\/span><\/p>\n<p><span style=\"color: #000000; line-height: 2.1; font-size: 15px;\"><strong>Co robi\u0107 je\u015bli s\u0105d zarz\u0105dzi wykonanie zast\u0119pczej kary pozbawienia wolno\u015bci?<\/strong><\/span><\/p>\n<p><span style=\"color: #000000; line-height: 2.1; font-size: 15px;\">Od zast\u0119pczej kary pozbawienia wolno\u015bci lub wykonywania pracy spo\u0142ecznej, o kt\u00f3rej mowa powy\u017cej, <strong>skazany mo\u017ce si\u0119 w ka\u017cdym czasie zwolni\u0107, poprzez uiszczenie pozosta\u0142ej do zap\u0142aty kwoty pieni\u0119\u017cnej<\/strong>. Co istotne, z omawianej instytucji <strong>mo\u017cna skorzysta\u0107 w ka\u017cdym czasie, co oznacza, \u017ce pieni\u0105dze wp\u0142aci\u0107 mo\u017cna tak\u017ce po rozpocz\u0119ciu wykonywania zast\u0119pczej kary w zak\u0142adzie karnym.<\/strong><\/span><\/p>\n<p><span style=\"color: #000000; line-height: 2.1; font-size: 15px;\">W przypadku grzywny, warto pami\u0119ta\u0107 tak\u017ce o mo\u017cliwo\u015bci<strong> roz\u0142o\u017cenia jej na raty<\/strong> (maksymalnie 3 lata) lub <strong>odroczenia jej wykonania<\/strong> (maksymalnie na 1 rok).<\/span><\/p>\n<ol start=\"3\">\n<li><span style=\"color: #000000; line-height: 2.1; font-size: 15px;\"><strong>Zast\u0119pcza kara aresztu w przypadku wykrocze\u0144 (art. 23 i 25 KW).<\/strong><\/span><\/li>\n<\/ol>\n<p><span style=\"color: #000000; line-height: 2.1; font-size: 15px;\">Zasady orzekania zast\u0119pczej kary aresztu w zamian za niezap\u0142acon\u0105 grzywn\u0119 s\u0105 to\u017csame z omawianymi powy\u017cej. Oznacza to, \u017ce od <strong>zast\u0119pczej kary aresztu, orzeczonej w zamian za niezap\u0142acon\u0105 grzywn\u0119, sprawca mo\u017ce by\u0107 uwolniony w ka\u017cdym czasie poprzez wp\u0142acenie kwoty przypadaj\u0105cej jeszcze do uiszczenia<\/strong>.<\/span><\/p>\n<p><span style=\"color: #000000; line-height: 2.1; font-size: 15px;\">Inaczej ma si\u0119 sytuacja w przypadku <strong>zast\u0119pczej kary aresztu orzeczonej w zamian za uchylanie si\u0119 od kary ograniczenia wolno\u015bci<\/strong> \u2013 w przypadku tej kary, <strong>nie ma mo\u017cliwo\u015bci wstrzymania jej wykonania<\/strong> w spos\u00f3b analogiczny do zast\u0119pczej kary pozbawienia wolno\u015bci (tj. poprzez z\u0142o\u017cenie o\u015bwiadczenia o zobowi\u0105zaniu si\u0119 do odbycia kary i wype\u0142nienia pierwotnie orzeczonych obowi\u0105zk\u00f3w). Nota bene, brak wobec zast\u0119pczej kary aresztu analogicznej regulacji mo\u017ce wzbudza\u0107 s\u0142uszne zastrze\u017cenia i najprawdopodobniej jest wynikiem niedopatrzenia ustawodawcy.<\/span><\/p>\n<p><span style=\"color: #000000; line-height: 2.1; font-size: 15px;\">Nale\u017cy tak\u017ce pami\u0119ta\u0107, i\u017c <strong>nie mo\u017cna wymierzy\u0107 kary aresztu lub zast\u0119pczej kary aresztu, je\u017celi warunki osobiste sprawcy uniemo\u017cliwiaj\u0105 odbycie tej kary.<\/strong><\/span><\/p>\n<hr \/>\n<p><span style=\"color: #000000; line-height: 2.1; font-size: 15px;\"><strong>Podsumowuj\u0105c, je\u015bli zarz\u0105dzono wobec Ciebie:<\/strong><\/span><\/p>\n<ul>\n<li><span style=\"color: #000000; line-height: 2.1; font-size: 15px;\"><strong>zast\u0119pcz\u0105 kar\u0119 pozbawienia wolno\u015bci w zamian za niewykonan\u0105 kar\u0119 ograniczenia wolno\u015bci<\/strong> \u2013 z\u0142\u00f3\u017c do s\u0105du o\u015bwiadczenie na pi\u015bmie, \u017ce zobowi\u0105zujesz si\u0119 j\u0105 wykona\u0107, z wnioskiem o wstrzymanie wykonania kary;<\/span><\/li>\n<li><span style=\"color: #000000; line-height: 2.1; font-size: 15px;\"><strong>zast\u0119pcz\u0105 kar\u0119 pozbawienia wolno\u015bci w zamian za nieop\u0142acon\u0105 grzywn\u0119<\/strong> \u2013 niezw\u0142ocznie op\u0142a\u0107 zaleg\u0142\u0105 kwot\u0119;<\/span><\/li>\n<li><span style=\"color: #000000; line-height: 2.1; font-size: 15px;\"><strong>zast\u0119pcz\u0105 kar\u0119 aresztu w zamian za nieop\u0142acon\u0105 grzywn\u0119<\/strong> \u2013 niezw\u0142ocznie op\u0142a\u0107 zaleg\u0142\u0105 kwot\u0119;<\/span><\/li>\n<li><span style=\"color: #000000; line-height: 2.1; font-size: 15px;\"><strong>zast\u0119pcz\u0105 kar\u0119 aresztu w zamian za niewykonan\u0105 kar\u0119 ograniczenia wolno\u015bci<\/strong> \u2013 wobec braku regulacji umo\u017cliwiaj\u0105cej wstrzymanie jej wykonania poprzez spe\u0142nienie pierwotnie orzeczonych obowi\u0105zk\u00f3w, mo\u017cesz <strong>zaskar\u017cy\u0107 postanowienie o zarz\u0105dzeniu wykonania zast\u0119pczej kary aresztu<\/strong>, np. na tej podstawie, i\u017c Twoje warunki osobiste uniemo\u017cliwiaj\u0105 odbycie tej kary. Pami\u0119taj, \u017ce masz na to tylko 7 dni od daty og\u0142oszenia rozstrzygni\u0119cia lub dor\u0119czenia Ci postanowienia! Mo\u017cesz tak\u017ce stara\u0107 si\u0119 o jej <strong>odroczenie<\/strong>.<\/span><\/li>\n<\/ul>\n<hr \/>\n<p><span style=\"color: #000000; line-height: 2.1; font-size: 15px;\"><strong>Pami\u0119taj, \u017ce w przypadku zarz\u0105dzenia wykonania zast\u0119pczej kary pozbawienia wolno\u015bci (jednak\u017ce nie zast\u0119pczej kary aresztu) nieprzekraczaj\u0105cej roku, jest tak\u017ce mo\u017cliwo\u015b\u0107 odbycia jej w systemie dozoru elektronicznego.<\/strong> Wi\u0119cej o odbywaniu kary w systemie dozoru elektronicznego \u2013 wkr\u00f3tce w oddzielnym wpisie.<\/span>\n<\/div>\n","protected":false},"excerpt":{"rendered":"<p>Bardzo cz\u0119sto zdarza si\u0119, \u017ce skazani na kar\u0119 ograniczenia wolno\u015bci lub grzywny, bagatelizuj\u0105 otrzymany wyrok i z r\u00f3\u017cnych powod\u00f3w nie wykonuj\u0105 na\u0142o\u017conych na nich obowi\u0105zk\u00f3w. Niestety, mo\u017ce to przynie\u015b\u0107 za sob\u0105 przykre konsekwencje, w postaci orzeczenia zast\u0119pczej kary pozbawienia wolno\u015bci. Co zrobi\u0107 w takiej sytuacji?<\/p>\n","protected":false},"author":1,"featured_media":169,"comment_status":"open","ping_status":"open","sticky":false,"template":"","format":"standard","meta":{"_mi_skip_tracking":false},"categories":[20],"tags":[24,25,26,23,22,21],"aioseo_notices":[],"_links":{"self":[{"href":"https:\/\/paplinska.pl\/wordpress\/wp-json\/wp\/v2\/posts\/204"}],"collection":[{"href":"https:\/\/paplinska.pl\/wordpress\/wp-json\/wp\/v2\/posts"}],"about":[{"href":"https:\/\/paplinska.pl\/wordpress\/wp-json\/wp\/v2\/types\/post"}],"author":[{"embeddable":true,"href":"https:\/\/paplinska.pl\/wordpress\/wp-json\/wp\/v2\/users\/1"}],"replies":[{"embeddable":true,"href":"https:\/\/paplinska.pl\/wordpress\/wp-json\/wp\/v2\/comments?post=204"}],"version-history":[{"count":5,"href":"https:\/\/paplinska.pl\/wordpress\/wp-json\/wp\/v2\/posts\/204\/revisions"}],"predecessor-version":[{"id":348,"href":"https:\/\/paplinska.pl\/wordpress\/wp-json\/wp\/v2\/posts\/204\/revisions\/348"}],"wp:featuredmedia":[{"embeddable":true,"href":"https:\/\/paplinska.pl\/wordpress\/wp-json\/wp\/v2\/media\/169"}],"wp:attachment":[{"href":"https:\/\/paplinska.pl\/wordpress\/wp-json\/wp\/v2\/media?parent=204"}],"wp:term":[{"taxonomy":"category","embeddable":true,"href":"https:\/\/paplinska.pl\/wordpress\/wp-json\/wp\/v2\/categories?post=204"},{"taxonomy":"post_tag","embeddable":true,"href":"https:\/\/paplinska.pl\/wordpress\/wp-json\/wp\/v2\/tags?post=204"}],"curies":[{"name":"wp","href":"https:\/\/api.w.org\/{rel}","templated":true}]}}