{"id":206,"date":"2018-08-31T14:29:52","date_gmt":"2018-08-31T12:29:52","guid":{"rendered":"http:\/\/paplinska.pl\/wordpress\/?p=206"},"modified":"2018-09-02T17:35:00","modified_gmt":"2018-09-02T15:35:00","slug":"odroczenie-wykonania-kary","status":"publish","type":"post","link":"https:\/\/paplinska.pl\/wordpress\/2018\/08\/31\/odroczenie-wykonania-kary\/","title":{"rendered":"Odroczenie wykonania kary"},"content":{"rendered":"<div class=\"blogpost\">\n<span style=\"color: #000000; line-height: 2.1; font-size: 15px;\"><strong>Odroczenie wykonania kary<\/strong> jest instytucj\u0105, z kt\u00f3rej ch\u0119tnie korzystaj\u0105 skazani, pozwalaj\u0105c\u0105 pozosta\u0107 d\u0142u\u017cej na wolno\u015bci, np. w celu domkni\u0119cia koniecznych spraw \u017cycia osobistego i zawodowego. Perspektywa mo\u017cliwo\u015bci sp\u0119dzenia dodatkowego czasu na wolno\u015bci jest dla wielu z nich kusz\u0105ca. Jak stara\u0107 si\u0119 o mo\u017cliwo\u015b\u0107 skorzystania z tej instytucji?<\/span><\/p>\n<p><span style=\"color: #000000; line-height: 2.1; font-size: 15px;\"><!--more--><\/span><br \/>\n<span style=\"color: #000000; line-height: 2.1; font-size: 15px;\">Nale\u017cy pami\u0119ta\u0107, \u017ce <strong>odroczenie wykonania kary jest instytucj\u0105 dotycz\u0105c\u0105 os\u00f3b, kt\u00f3re jeszcze nie rozpocz\u0119\u0142y wykonywania orzeczonej kary<\/strong>. Po rozpocz\u0119ciu wykonywania kary, skazany mo\u017ce stara\u0107 si\u0119 o udzielenie <strong>przerwy w karze<\/strong>.<\/span><\/p>\n<p><span style=\"color: #000000; line-height: 2.1; font-size: 15px;\">Podstaw\u0105 do odroczenia kary pozbawienia wolno\u015bci s\u0105 <strong>art. 150 i 151 KKW<\/strong>. Zgodnie z tymi przepisami, mo\u017cemy wyr\u00f3\u017cni\u0107 odroczenie wykonania kary <strong>obligatoryjne<\/strong> i <strong>fakultatywne<\/strong>.<\/span><\/p>\n<ul>\n<li><span style=\"color: #000000; line-height: 2.1; font-size: 15px;\">S\u0105d zarz\u0105dza <strong>obligatoryjnie<\/strong> odroczenie wykonania kary, je\u017celi<strong> skazany cierpi na chorob\u0119 psychiczn\u0105 lub inn\u0105 ci\u0119\u017ck\u0105 chorob\u0119 uniemo\u017cliwiaj\u0105c\u0105 wykonanie tej kary<\/strong>. Za ci\u0119\u017ck\u0105 chorob\u0119 uznaje si\u0119 taki stan skazanego, w kt\u00f3rym umieszczenie go w zak\u0142adzie karnym <strong>mo\u017ce zagra\u017ca\u0107 jego \u017cyciu<\/strong> lub s<strong>powodowa\u0107 dla jego zdrowia powa\u017cne niebezpiecze\u0144stwo<\/strong>. Odroczenie kary trwa do ustania przeszkody.<\/span><\/li>\n<li><span style=\"color: #000000; line-height: 2.1; font-size: 15px;\">S\u0105d mo\u017ce <strong>fakultatywnie<\/strong> zarz\u0105dzi\u0107 odroczenie kary, je\u017celi <strong>natychmiastowe skutki wykonania kary poci\u0105gn\u0119\u0142yby dla skazanego lub jego rodziny zbyt ci\u0119\u017ckie skutki<\/strong>. W tym wypadku, mo\u017cliwe jest odroczenie wykonania kary <strong>na okres do roku<\/strong>, a w przypadku kobiety ci\u0119\u017carnej oraz osoby samotnie sprawuj\u0105cej opiek\u0119 nad dzieckiem \u2013 <strong>nawet do lat 3<\/strong>.<\/span><\/li>\n<\/ul>\n<p><span style=\"color: #000000; line-height: 2.1; font-size: 15px;\">Przyk\u0142adowo, w\u015br\u00f3d takich sytuacji mo\u017cna wskaza\u0107 chorob\u0119 cz\u0142onka rodziny, wymagaj\u0105cej opieki skazanego, pozostawanie przez skazanego jedynym \u017cywicielem rodziny, zako\u0144czenie kuracji leczniczej, chorob\u0119 skazanego inn\u0105 ni\u017c opisana w art. 150 KKW, piln\u0105 potrzeb\u0119 wykonywania prac polowych, sezonowych, zdarzenia losowe, okres zdawania egzamin\u00f3w.<\/span><\/p>\n<p><span style=\"color: #000000; line-height: 2.1; font-size: 15px;\">Co istotne,<strong> odroczenie mo\u017ce by\u0107 udzielono kilkakrotnie, jednak \u0142\u0105cznie nie d\u0142u\u017cej ni\u017c na wy\u017cej wskazane okresy<\/strong> (1 rok lub 3 lata w opisanych przypadkach).<\/span><\/p>\n<p><span style=\"color: #000000; line-height: 2.1; font-size: 15px;\"><strong>Wniosek o odroczenie wykonania kary pozbawienia wolno\u015bci sk\u0142ada si\u0119 do s\u0105du, kt\u00f3ry wyda\u0142 orzeczenie w pierwszej instancji<\/strong>, niezale\u017cnie od aktualnego miejsca pobytu skazanego. <strong>Op\u0142ata s\u0105dowa wynosi 80 z\u0142.<\/strong><\/span><\/p>\n<p><span style=\"color: #000000; line-height: 2.1; font-size: 15px;\"><\/p>\n<h3>O czym nale\u017cy pami\u0119ta\u0107?<\/h3>\n<p><\/span><\/p>\n<p><span style=\"color: #000000; line-height: 2.1; font-size: 15px;\">Odroczenie kary jest instytucj\u0105 wyj\u0105tkow\u0105, o kt\u00f3r\u0105 ch\u0119tnie zabiegaj\u0105 skazani. Nale\u017cy pami\u0119ta\u0107, \u017ceby w\u0142a\u015bciwie umotywowa\u0107 sw\u00f3j wniosek. W zale\u017cno\u015bci od podstawy, na jak\u0105 si\u0119 powo\u0142ujemy, niezb\u0119dne b\u0119dzie <strong>przygotowanie szeregu dokumentacji<\/strong>, np. dokumentacji leczniczej, dotycz\u0105cej zarobk\u00f3w, o\u015bwiadcze\u0144 cz\u0142onk\u00f3w rodziny.<strong> Im wi\u0119cej dokument\u00f3w dostarczy skazany \u2013 tym wi\u0119ksza szansa na uwzgl\u0119dnienie wniosku.<\/strong><\/span><\/p>\n<p><span style=\"color: #000000; line-height: 2.1; font-size: 15px;\">Odraczaj\u0105c wykonanie kary pozbawienia wolno\u015bci, <strong>s\u0105d mo\u017ce zobowi\u0105za\u0107 skazanego do:<\/strong> podj\u0119cia stara\u0144 o znalezienie pracy zarobkowej, zg\u0142aszania si\u0119 do wskazanej jednostki Policji w okre\u015blonych odst\u0119pach czasu lub poddania si\u0119 odpowiedniemu leczeniu lub rehabilitacji, oddzia\u0142ywaniom terapeutycznym lub uczestnictwu w programach korekcyjno-edukacyjnych.<\/span><br \/>\n<span style=\"color: #000000; line-height: 2.1; font-size: 15px;\">Nale\u017cy mie\u0107 na uwadze, i\u017c<strong> odroczenie wykonania kary pozbawienia wolno\u015bci s\u0105d mo\u017ce odwo\u0142a\u0107<\/strong> w razie:<\/span><\/p>\n<ul>\n<li><span style=\"color: #000000; line-height: 2.1; font-size: 15px;\">ustania przyczyny, dla kt\u00f3rej zosta\u0142o udzielone, <\/span><\/li>\n<li><span style=\"color: #000000; line-height: 2.1; font-size: 15px;\">w wypadku, gdy skazany nie korzysta z odroczenia w celu, w jakim zosta\u0142o udzielone, albo ra\u017c\u0105co narusza porz\u0105dek prawny, <\/span><\/li>\n<li><span style=\"color: #000000; line-height: 2.1; font-size: 15px;\">z powodu niewykonywania obowi\u0105zk\u00f3w na\u0142o\u017conych na skazanego.<\/span><\/li>\n<\/ul>\n<p><span style=\"color: #000000; line-height: 2.1; font-size: 15px;\"><\/p>\n<h3>Czy wniosek o odroczenie wykonania kary wstrzymuje jej wykonanie?<\/h3>\n<p><\/span><\/p>\n<p><span style=\"color: #000000; line-height: 2.1; font-size: 15px;\">Nie. <strong>Z\u0142o\u017cenie wniosku o odroczenie wykonania kary nie wstrzymuje jej wykonania<\/strong>. Mo\u017cna natomiast \u2013 i w wi\u0119kszo\u015bci wypadk\u00f3w warto to uczyni\u0107 \u2013 zawrze\u0107 we wniosku o odroczenie wykonania kary, tak\u017ce <strong>wniosek o wstrzymanie wykonania kary do czasu rozpoznania wniosku o jej odroczenie<\/strong>. S\u0105d, je\u015bli przychyli si\u0119 do naszej pro\u015bby, umo\u017cliwi nam pozostanie na wolno\u015bci do czasu prawomocnego rozpoznania wniosku o odroczenie.<\/span><\/p>\n<hr \/>\n<p><span style=\"color: #000000; line-height: 2.1; font-size: 15px;\">Pami\u0119taj, \u017ce z\u0142o\u017cenie wniosku o odroczenie kary nie uniewa\u017cnia tzw. &#8222;biletu karnego&#8221;. Jedynie wniosek o wstrzymanie kary mo\u017ce wstrzyma\u0107 przymusowe doprowadzenie do ZK.<\/span><\/p>\n<hr \/>\n<p><span style=\"color: #000000; line-height: 2.1; font-size: 15px;\"><\/p>\n<h3>Warunkowe zawieszenie kary uprzednio odroczonej<\/h3>\n<p><\/span><\/p>\n<p><span style=\"color: #000000; line-height: 2.1; font-size: 15px;\">Istotn\u0105 instytucj\u0105 prawa karnego wykonawczego, wi\u0105\u017c\u0105c\u0105 si\u0119 z odroczeniem kary pozbawienia wolno\u015bci, jest <strong>mo\u017cliwo\u015b\u0107 zawieszenia kary pozbawienia wolno\u015bci uprzednio odroczonej<\/strong>. Odnosi si\u0119 to do skazanych, wobec kt\u00f3rych co prawda s\u0105d orzek\u0142 <strong>bezwzgl\u0119dn\u0105 kar\u0119 pozbawienia wolno\u015bci nieprzekraczaj\u0105cej 1 roku<\/strong> (a wi\u0119c bez tzw. \u201ezawias\u00f3w\u201d), ale kt\u00f3ry<strong> uzyska\u0142 odroczenie tej kary<\/strong> wskutek z\u0142o\u017cenia wniosku, o kt\u00f3rym mowa powy\u017cej, i<strong> odroczenie to trwa\u0142o co najmniej rok<\/strong>. W takim wypadku, s\u0105d mo\u017ce warunkowo zawiesi\u0107 wykonanie orzeczonej kary zgodnie z zasadami opisanymi w Kodeksie karnym.<\/span><\/p>\n<p><span style=\"color: #000000; line-height: 2.1; font-size: 15px;\">S\u0105d orzeka warunkowe zawieszenie wykonania kary, je\u017cel<strong>i jest to wystarczaj\u0105ce dla osi\u0105gni\u0119cia wobec sprawcy cel\u00f3w kary, a w szczeg\u00f3lno\u015bci zapobie\u017cenia powrotowi do przest\u0119pstwa<\/strong>. Zawieszaj\u0105c warunkowo wykonanie kary s\u0105d bierze pod uwag\u0119 przede wszystkim<strong> postaw\u0119 sprawcy,<\/strong> <strong>jego w\u0142a\u015bciwo\u015bci i warunki osobiste<\/strong>,<strong> spos\u00f3b \u017cycia<\/strong> oraz <strong>zachowanie si\u0119 po pope\u0142nieniu przest\u0119pstwa<\/strong>.<\/span><\/p>\n<p><span style=\"color: #000000; line-height: 2.1; font-size: 15px;\">Warunkowe zawieszenie uprzednio odroczonej nast\u0119puje na<strong> okres pr\u00f3by<\/strong> i <strong>mo\u017ce zosta\u0107 odwo\u0142ane<\/strong>, w przypadkach okre\u015blonych w art. 75 KK, tj:<\/span><\/p>\n<ul>\n<li><span style=\"color: #000000; line-height: 2.1; font-size: 15px;\">je\u017celi skazany w okresie pr\u00f3by <strong>pope\u0142ni\u0142 podobne przest\u0119pstwo umy\u015blne, za kt\u00f3re orzeczono prawomocnie kar\u0119 pozbawienia wolno\u015bci bez warunkowego zawieszenia jej wykonania<\/strong> ( \u00a71 &#8211; <span style=\"text-decoration: underline;\">obligatoryjnie<\/span>),<\/span><\/li>\n<li><span style=\"color: #000000; line-height: 2.1; font-size: 15px;\">je\u017celi skazany za przest\u0119pstwo pope\u0142nione <strong>z u\u017cyciem przemocy lub gro\u017aby bezprawnej wobec osoby najbli\u017cszej<\/strong> lub innej osoby ma\u0142oletniej zamieszkuj\u0105cych wsp\u00f3lnie ze sprawc\u0105 w okresie pr\u00f3by <strong>ra\u017c\u0105co narusza porz\u0105dek prawny, ponownie u\u017cywaj\u0105c przemocy lub gro\u017aby bezprawnej wobec osoby najbli\u017cszej<\/strong> lub innej osoby ma\u0142oletniej zamieszkuj\u0105cych wsp\u00f3lnie ze sprawc\u0105 (\u00a71a &#8211; <span style=\"text-decoration: underline;\">obligatoryjnie<\/span>),<\/span><\/li>\n<li><span style=\"color: #000000; line-height: 2.1; font-size: 15px;\">je\u017celi skazany w okresie pr\u00f3by<strong> ra\u017c\u0105co narusza porz\u0105dek prawny<\/strong>, w szczeg\u00f3lno\u015bci gdy pope\u0142ni\u0142 inne przest\u0119pstwo ni\u017c okre\u015blone w \u00a71, albo <strong>je\u017celi uchyla si\u0119<\/strong> od uiszczenia grzywny, od dozoru, wykonania na\u0142o\u017conych obowi\u0105zk\u00f3w lub orzeczonych \u015brodk\u00f3w karnych, \u015brodk\u00f3w kompensacyjnych lub przepadku (\u00a72 &#8211; <span style=\"text-decoration: underline;\">fakultatywnie<\/span>),<\/span><\/li>\n<li><span style=\"color: #000000; line-height: 2.1; font-size: 15px;\">je\u017celi okoliczno\u015bci, o kt\u00f3rych mowa w \u00a7 2, zaistniej\u0105<strong> po udzieleniu skazanemu pisemnego upomnienia przez s\u0105dowego kuratora zawodowego<\/strong>, chyba \u017ce przemawiaj\u0105 przeciwko temu szczeg\u00f3lne wzgl\u0119dy (\u00a71 \u2013 <span style=\"text-decoration: underline;\">obligatoryjnie<\/span>).<\/span><\/li>\n<\/ul>\n<p><span style=\"color: #000000; line-height: 2.1; font-size: 15px;\">W przypadku, w kt\u00f3rym nie uda si\u0119 uzyska\u0107 warunkowego zawieszenia kary, zasadne mo\u017ce by\u0107 staranie si\u0119 o mo\u017cliwo\u015b\u0107 odbywania kary w systemie dozoru elektronicznego. Wi\u0119cej o SDE w oddzielnym wpisie.<\/span><\/div>\n","protected":false},"excerpt":{"rendered":"<p>Odroczenie wykonania kary jest instytucj\u0105, z kt\u00f3rej ch\u0119tnie korzystaj\u0105 skazani, pozwalaj\u0105c\u0105 pozosta\u0107 d\u0142u\u017cej na wolno\u015bci, np. w celu domkni\u0119cia koniecznych spraw \u017cycia osobistego i zawodowego. Perspektywa mo\u017cliwo\u015bci sp\u0119dzenia dodatkowego czasu na wolno\u015bci jest dla wielu z nich kusz\u0105ca. Jak stara\u0107 si\u0119 o mo\u017cliwo\u015b\u0107 skorzystania z tej instytucji?<\/p>\n","protected":false},"author":1,"featured_media":172,"comment_status":"open","ping_status":"open","sticky":false,"template":"","format":"standard","meta":{"_mi_skip_tracking":false},"categories":[20],"tags":[27,28,19,29,33,31,32,30],"aioseo_notices":[],"_links":{"self":[{"href":"https:\/\/paplinska.pl\/wordpress\/wp-json\/wp\/v2\/posts\/206"}],"collection":[{"href":"https:\/\/paplinska.pl\/wordpress\/wp-json\/wp\/v2\/posts"}],"about":[{"href":"https:\/\/paplinska.pl\/wordpress\/wp-json\/wp\/v2\/types\/post"}],"author":[{"embeddable":true,"href":"https:\/\/paplinska.pl\/wordpress\/wp-json\/wp\/v2\/users\/1"}],"replies":[{"embeddable":true,"href":"https:\/\/paplinska.pl\/wordpress\/wp-json\/wp\/v2\/comments?post=206"}],"version-history":[{"count":4,"href":"https:\/\/paplinska.pl\/wordpress\/wp-json\/wp\/v2\/posts\/206\/revisions"}],"predecessor-version":[{"id":314,"href":"https:\/\/paplinska.pl\/wordpress\/wp-json\/wp\/v2\/posts\/206\/revisions\/314"}],"wp:featuredmedia":[{"embeddable":true,"href":"https:\/\/paplinska.pl\/wordpress\/wp-json\/wp\/v2\/media\/172"}],"wp:attachment":[{"href":"https:\/\/paplinska.pl\/wordpress\/wp-json\/wp\/v2\/media?parent=206"}],"wp:term":[{"taxonomy":"category","embeddable":true,"href":"https:\/\/paplinska.pl\/wordpress\/wp-json\/wp\/v2\/categories?post=206"},{"taxonomy":"post_tag","embeddable":true,"href":"https:\/\/paplinska.pl\/wordpress\/wp-json\/wp\/v2\/tags?post=206"}],"curies":[{"name":"wp","href":"https:\/\/api.w.org\/{rel}","templated":true}]}}