{"id":330,"date":"2018-09-02T20:58:21","date_gmt":"2018-09-02T18:58:21","guid":{"rendered":"http:\/\/paplinska.pl\/wordpress\/?p=330"},"modified":"2018-09-03T16:23:51","modified_gmt":"2018-09-03T14:23:51","slug":"czy-tymczasowo-aresztowany-moze-korzystac-z-telefonu","status":"publish","type":"post","link":"https:\/\/paplinska.pl\/wordpress\/2018\/09\/02\/czy-tymczasowo-aresztowany-moze-korzystac-z-telefonu\/","title":{"rendered":"Czy tymczasowo aresztowany mo\u017ce korzysta\u0107 z telefonu?"},"content":{"rendered":"<div class=\"blogpost\"><span style=\"color: #000000; line-height: 2.1; font-size: 15px;\">Po aresztowaniu podejrzanego lub oskar\u017conego, jego rodzina nierzadko po raz pierwszy styka si\u0119 z podobn\u0105 sytuacj\u0105. Pojawiaj\u0105 si\u0119 pytania, na kt\u00f3re nie potrafi\u0105 znale\u017a\u0107 odpowiedzi. Jedn\u0105 z najcz\u0119\u015bciej interesuj\u0105cych ich kwestii jest pytanie \u2013 <strong>czy aresztowany b\u0119dzie m\u00f3g\u0142 korzysta\u0107 z aparatu telefonicznego<\/strong>? Wyja\u015bnijmy.<\/span><br \/>\n<span style=\"color: #000000; line-height: 2.1; font-size: 15px;\"><!--more--><\/span><br \/>\n<span style=\"color: #000000; line-height: 2.1; font-size: 15px;\">Zgodnie z art. 217c Kodeksu karnego wykonawczego<strong>, tymczasowo aresztowany mo\u017ce korzysta\u0107 z aparatu telefonicznego<\/strong>, na zasadach okre\u015blonych w regulaminie organizacyjno-porz\u0105dkowym wykonywania tymczasowego aresztowania,<strong> za zgod\u0105 organu<\/strong>, do kt\u00f3rego dyspozycji pozostaje (czyli prokuratora w post\u0119powaniu przygotowawczym i s\u0105du, po wniesieniu aktu oskar\u017cenia). <strong>Natomiast, nie mo\u017ce on korzysta\u0107 z innych \u015brodk\u00f3w \u0142\u0105czno\u015bci przewodowej i bezprzewodowej<\/strong> (czyli np. Internetu). W wypadku gdy tymczasowo aresztowany pozostaje do dyspozycji kilku organ\u00f3w (np. jednocze\u015bnie stosowane jest tymczasowe aresztowanie w dw\u00f3ch r\u00f3wnolegle prowadzonych post\u0119powaniach), <strong>wymagana jest zgoda ka\u017cdego z nich<\/strong>, chyba \u017ce organy te zarz\u0105dz\u0105 inaczej.<\/span><\/div>\n<div class=\"blogpost\"><span style=\"color: #000000; line-height: 2.1; font-size: 15px;\">Organ, do kt\u00f3rego dyspozycji tymczasowo aresztowany pozostaje, <strong>wydaje zarz\u0105dzenie o zgodzie na korzystanie z aparatu telefonicznego<\/strong>, chyba \u017ce zachodzi uzasadniona obawa, \u017ce zostanie ona wykorzystana:<\/span><\/div>\n<div class=\"blogpost\">\n<ul>\n<li><span style=\"color: #000000; line-height: 2.1; font-size: 15px;\">w celu <strong>bezprawnego utrudniania post\u0119powania karnego<\/strong>;<\/span><\/li>\n<li><span style=\"color: #000000; line-height: 2.1; font-size: 15px;\"><strong>do pope\u0142nienia przest\u0119pstwa<\/strong>, w szczeg\u00f3lno\u015bci pod\u017cegania do przest\u0119pstwa.<\/span><\/li>\n<\/ul>\n<p><span style=\"color: #000000; line-height: 2.1; font-size: 15px;\">Nowe przepisy, pozwalaj\u0105ce na korzystanie przez tymczasowo aresztowanego z aparatu telefonicznego obowi\u0105zuj\u0105 wzgl\u0119dnie od niedawna, bo od lipca 2015 roku. Wcze\u015bniej, tymczasowo aresztowany nie mia\u0142 mo\u017cliwo\u015bci komunikowania si\u0119 za po\u015brednictwem telefonu. Zmiana ta podyktowana by\u0142a wyrokiem Trybuna\u0142u Konstytucyjnego z dnia 25 listopada 2014 r., sygn. akt K 54\/13, w kt\u00f3rym to Trybuna\u0142 uzna\u0142 uprzednio obowi\u0105zuj\u0105ce przepisy, w zakresie w kt\u00f3rym wy\u0142\u0105czaj\u0105 mo\u017cliwo\u015b\u0107 telefonicznego komunikowania si\u0119 przez tymczasowo aresztowanego z obro\u0144c\u0105 za niezgodne z art. 31 ust. 3 Konstytucji RP.<\/span><\/p>\n<h3>Co zrobi\u0107, \u017ceby m\u00f3c porozmawia\u0107 telefonicznie z tymczasowo aresztowanym?<\/h3>\n<p><span style=\"color: #000000; line-height: 2.1; font-size: 15px;\">Aby tymczasowo aresztowany uzyska\u0142 zgod\u0119 na korzystanie z telefonu celem kontaktowania si\u0119 z osob\u0105 najbli\u017csz\u0105,<strong> nale\u017cy z\u0142o\u017cy\u0107 stosowny wniosek<\/strong> \u2013 do s\u0105du b\u0105d\u017a prokuratora, w zale\u017cno\u015bci od etapu, na kt\u00f3rym znajduje si\u0119 post\u0119powanie. Organ wyda zarz\u0105dzenie, na kt\u00f3re (w przypadku odmownej) <strong>przys\u0142uguje za\u017calenie<\/strong>. <strong>Wniosek taki wolny jest od op\u0142at.<\/strong><\/span><\/p>\n<p><span style=\"color: #000000; line-height: 2.1; font-size: 15px;\">We wniosku nale\u017cy zawrze\u0107:<\/span><\/p>\n<ul>\n<li><span style=\"color: #000000; line-height: 2.1; font-size: 15px;\">imi\u0119 i nazwisko tymczasowo aresztowanego;<\/span><\/li>\n<li><span style=\"color: #000000; line-height: 2.1; font-size: 15px;\">imi\u0119 i nazwisko osoby najbli\u017cszej;<\/span><\/li>\n<li><span style=\"color: #000000; line-height: 2.1; font-size: 15px;\">stopie\u0144 pokrewie\u0144stwa;<\/span><\/li>\n<li><span style=\"color: #000000; line-height: 2.1; font-size: 15px;\">numer telefonu osoby najbli\u017cszej, z kt\u00f3rym chcemy, aby tymczasowo aresztowany m\u00f3g\u0142 si\u0119 po\u0142\u0105czy\u0107;<\/span><\/li>\n<li><span style=\"color: #000000; line-height: 2.1; font-size: 15px;\">kr\u00f3tkie uzasadnienie wniosku.<\/span><\/li>\n<\/ul>\n<p><span style=\"color: #000000; line-height: 2.1; font-size: 15px;\">Osoba tymczasowo aresztowana, kt\u00f3ra uzyska\u0142a zezwolenie na korzystanie z telefonu, mo\u017ce korzysta\u0107 z samoinkasuj\u0105cego aparatu telefonicznego<strong> na w\u0142asny koszt.<\/strong> Istnieje te\u017c mo\u017cliwo\u015b\u0107, aby <strong>po\u0142\u0105czenie odby\u0142o si\u0119 na koszt rozm\u00f3wcy<\/strong>. Rozmowa z adwokatem<strong> nie jest ograniczona czasowo,<\/strong> rozmowa z osob\u0105 najbli\u017csz\u0105 mo\u017ce trwa\u0107 <strong>maksymalnie 5 minut<\/strong>. Tymczasowo aresztowanemu przys\u0142uguje <strong>jedna<\/strong> taka rozmowa dziennie.<\/span><\/p>\n<h3>Czy tymczasowo aresztowany otrzyma zgod\u0119 na kontakt telefoniczny?<\/h3>\n<p><span style=\"color: #000000; line-height: 2.1; font-size: 15px;\">Niestety, cho\u0107 lektura powy\u017cej przytoczonego przepisu Kodeksu karnego wykonawczego, mo\u017ce prowadzi\u0107 do wniosku, \u017ce je\u017celi nie zachodzi obawa utrudniania post\u0119powania, to tak\u0105 zgod\u0119 powinno si\u0119 uzyska\u0107 bez problemu, <strong>rzeczywisto\u015b\u0107 wygl\u0105da inaczej<\/strong>.<\/span><\/p>\n<p><span style=\"color: #000000; line-height: 2.1; font-size: 15px;\">W dniu 22 grudnia 2016 r., Minister Sprawiedliwo\u015bci wyda\u0142 rozporz\u0105dzenie w sprawie regulaminu organizacyjno-porz\u0105dkowego wykonywania tymczasowego aresztowania. Zgodnie z \u00a7 25 w\/w aktu prawnego, <strong>organ dysponuj\u0105cy bezzw\u0142ocznie wydaje zarz\u0105dzenie o zgodzie na korzystanie z aparatu telefonicznego<\/strong> przez tymczasowo aresztowanego<\/span><\/p>\n<p><span style=\"color: #000000; line-height: 2.1; font-size: 15px;\">1) <strong>wy\u0142\u0105cznie w celu porozumiewania si\u0119 z obro\u0144c\u0105 lub pe\u0142nomocnikiem<\/strong> b\u0119d\u0105cym adwokatem albo radc\u0105 prawnym;<\/span><\/p>\n<p><span style=\"color: #000000; line-height: 2.1; font-size: 15px;\">2) <strong>w szczeg\u00f3lnie uzasadnionych przypadkach, w celu porozumiewania si\u0119 z osob\u0105 najbli\u017csz\u0105<\/strong>.<\/span><\/p>\n<p><span style=\"color: #000000; line-height: 2.1; font-size: 15px;\">Powy\u017csze oznacza, i\u017c w odniesieniu do os\u00f3b najbli\u017cszych \u2013 zgoda na korzystanie z aparatu telefonicznego wydawana jest <strong>jedynie<\/strong> w <strong>szczeg\u00f3lnie uzasadnionych przypadkach<\/strong>. Jakie mog\u0105 by\u0107 to przypadki? Zale\u017cy to wy\u0142\u0105cznie od uznania organu dysponuj\u0105cego. Niemniej, na pewno warto pr\u00f3bowa\u0107 uzyska\u0107 tak\u0105 zgod\u0119, a w sytuacji otrzymania decyzji odmownej &#8211; zaskar\u017cy\u0107 j\u0105.<\/span><\/p>\n<h3>Kontrowersje<\/h3>\n<p><span style=\"color: #000000; line-height: 2.1; font-size: 15px;\">Na marginesie, nale\u017cy zauwazy\u0107, i\u017c wy\u017cej przytoczone rozporz\u0105dzenie spotka\u0142o si\u0119 z du\u017c\u0105 krytyk\u0105 w doktrynie. W tej sprawie, Rzecznik Praw Obywatelskich wystosowa\u0142 w dniu 24 listopada 2017 roku wyst\u0105pienie do Ministra Sprawiedliwo\u015bci, wskazuj\u0105c, i\u017c <strong>przeprowadzona analiza przepis\u00f3w wykaza\u0142a niezgodno\u015b\u0107 \u00a7 25 ust. 1 pkt 2 Regulaminu z regulacj\u0105 kodeksow\u0105<\/strong>. RPO zwr\u00f3ci\u0142 uwag\u0119, i\u017c ograniczenia w uzyskaniu dost\u0119pu do telefonu przez tymczasowo aresztowanego, przewidziane w Regulaminie, s\u0105 ostrzejsze, ni\u017c te, wynikaj\u0105ce z Ustawy, co \u2013 zdaniem RPO \u2013 przekracza uprawnienia Ministra Sprawiedliwo\u015bci,mia\u0142 w rozporz\u0105dzeniu okre\u015bli\u0107 jedynie \u201e<strong>spos\u00f3b<\/strong>\u201d korzystania z aparatu telefonicznego. Z tym s\u0142usznym wyst\u0105pieniem RPO zreszt\u0105 osobi\u015bcie si\u0119 ca\u0142kowicie zgadzam. Niestety, nie uda\u0142o mi si\u0119 znale\u017a\u0107 odpowiedzi Ministerstwa Sprawiedliwo\u015bci do Rzecznika.<\/span><\/p>\n<\/div>\n","protected":false},"excerpt":{"rendered":"<p>Po aresztowaniu podejrzanego lub oskar\u017conego, jego rodzina nierzadko po raz pierwszy styka si\u0119 z podobn\u0105 sytuacj\u0105. Pojawiaj\u0105 si\u0119 pytania, na kt\u00f3re nie potrafi\u0105 znale\u017a\u0107 odpowiedzi. Jedn\u0105 z najcz\u0119\u015bciej interesuj\u0105cych ich kwestii jest pytanie \u2013 czy aresztowany b\u0119dzie m\u00f3g\u0142 korzysta\u0107 z aparatu telefonicznego? Wyja\u015bnijmy.<\/p>\n","protected":false},"author":1,"featured_media":335,"comment_status":"open","ping_status":"open","sticky":false,"template":"","format":"standard","meta":{"_mi_skip_tracking":false},"categories":[5],"tags":[36,40,37,38,35,39],"aioseo_notices":[],"_links":{"self":[{"href":"https:\/\/paplinska.pl\/wordpress\/wp-json\/wp\/v2\/posts\/330"}],"collection":[{"href":"https:\/\/paplinska.pl\/wordpress\/wp-json\/wp\/v2\/posts"}],"about":[{"href":"https:\/\/paplinska.pl\/wordpress\/wp-json\/wp\/v2\/types\/post"}],"author":[{"embeddable":true,"href":"https:\/\/paplinska.pl\/wordpress\/wp-json\/wp\/v2\/users\/1"}],"replies":[{"embeddable":true,"href":"https:\/\/paplinska.pl\/wordpress\/wp-json\/wp\/v2\/comments?post=330"}],"version-history":[{"count":7,"href":"https:\/\/paplinska.pl\/wordpress\/wp-json\/wp\/v2\/posts\/330\/revisions"}],"predecessor-version":[{"id":358,"href":"https:\/\/paplinska.pl\/wordpress\/wp-json\/wp\/v2\/posts\/330\/revisions\/358"}],"wp:featuredmedia":[{"embeddable":true,"href":"https:\/\/paplinska.pl\/wordpress\/wp-json\/wp\/v2\/media\/335"}],"wp:attachment":[{"href":"https:\/\/paplinska.pl\/wordpress\/wp-json\/wp\/v2\/media?parent=330"}],"wp:term":[{"taxonomy":"category","embeddable":true,"href":"https:\/\/paplinska.pl\/wordpress\/wp-json\/wp\/v2\/categories?post=330"},{"taxonomy":"post_tag","embeddable":true,"href":"https:\/\/paplinska.pl\/wordpress\/wp-json\/wp\/v2\/tags?post=330"}],"curies":[{"name":"wp","href":"https:\/\/api.w.org\/{rel}","templated":true}]}}