{"id":369,"date":"2018-09-06T15:53:02","date_gmt":"2018-09-06T13:53:02","guid":{"rendered":"http:\/\/paplinska.pl\/wordpress\/?p=369"},"modified":"2018-09-06T19:57:38","modified_gmt":"2018-09-06T17:57:38","slug":"zatarcie-skazania","status":"publish","type":"post","link":"https:\/\/paplinska.pl\/wordpress\/2018\/09\/06\/zatarcie-skazania\/","title":{"rendered":"Zatarcie skazania"},"content":{"rendered":"<div class=\"blogpost\">\n<p><span style=\"color: #000000; line-height: 2.1; font-size: 15px;\">Osoba skazana prawomocnym wyrokiem karnym figuruje w Krajowym Rejestrze Karnym. Kiedy informacja o skazaniu zniknie z Krajowego Rejestru Krajowego?<\/span><\/p>\n<p><span style=\"color: #000000; line-height: 2.1; font-size: 15px;\"><!--more--><\/span><\/p>\n<h3>Zatarcie skazania \u2013 podstawowe terminy<\/h3>\n<p><span style=\"color: #000000; line-height: 2.1; font-size: 15px;\">Podstawowe terminy zatarcia skazania statuuje art. 107 KK.<\/span><\/p>\n<blockquote><p><span style=\"color: #000000; line-height: 2.1; font-size: 15px;\">1. W razie skazania na kar\u0119 pozbawienia wolno\u015bci wymienion\u0105 w art. 32 pkt 3 lub kar\u0119 25 lat pozbawienia wolno\u015bci, zatarcie skazania nast\u0119puje z mocy prawa z up\u0142ywem 10 lat od wykonania lub darowania kary albo od przedawnienia jej wykonania.<\/span><\/p>\n<p><span style=\"color: #000000; line-height: 2.1; font-size: 15px;\">2. S\u0105d mo\u017ce na wniosek skazanego zarz\u0105dzi\u0107 zatarcie skazania ju\u017c po up\u0142ywie 5 lat, je\u017celi skazany w tym okresie przestrzega\u0142 porz\u0105dku prawnego, a wymierzona kara pozbawienia wolno\u015bci nie przekracza\u0142a 3 lat.<\/span><\/p>\n<p><span style=\"color: #000000; line-height: 2.1; font-size: 15px;\">3. W razie skazania na kar\u0119 do\u017cywotniego pozbawienia wolno\u015bci, zatarcie skazania nast\u0119puje z mocy prawa z up\u0142ywem 10 lat od uznania jej za wykonan\u0105, od darowania kary albo od przedawnienia jej wykonania.<\/span><\/p>\n<p><span style=\"color: #000000; line-height: 2.1; font-size: 15px;\">4. W razie skazania na kar\u0119 ograniczenia wolno\u015bci zatarcie skazania nast\u0119puje z mocy prawa z up\u0142ywem 3 lat od wykonania lub darowania kary albo od przedawnienia jej wykonania.<\/span><\/p>\n<p><span style=\"color: #000000; line-height: 2.1; font-size: 15px;\">4a. W razie skazania na grzywn\u0119 zatarcie skazania nast\u0119puje z mocy prawa z up\u0142ywem roku od wykonania lub darowania kary albo od przedawnienia jej wykonania.<\/span><\/p>\n<p><span style=\"color: #000000; line-height: 2.1; font-size: 15px;\">5. W razie odst\u0105pienia od wymierzenia kary, zatarcie skazania nast\u0119puje z mocy prawa z up\u0142ywem roku od wydania prawomocnego orzeczenia.<\/span><\/p>\n<p><span style=\"color: #000000; line-height: 2.1; font-size: 15px;\">6. Je\u017celi orzeczono \u015brodek karny, przepadek lub \u015brodek kompensacyjny, zatarcie skazania nie mo\u017ce nast\u0105pi\u0107 przed jego wykonaniem, darowaniem albo przedawnieniem jego wykonania. Zatarcie skazania nie mo\u017ce nast\u0105pi\u0107 r\u00f3wnie\u017c przed wykonaniem \u015brodka zabezpieczaj\u0105cego.<\/span><\/p><\/blockquote>\n<p><span style=\"color: #000000; line-height: 2.1; font-size: 15px;\">Og\u00f3lne zasady:<\/span><\/p>\n<ul>\n<li><span style=\"color: #000000; line-height: 2.1; font-size: 15px;\">zatarcie skazania w wypadku kary <strong>pozbawienia wolno\u015bci<\/strong>, kary <strong>25 lat pozbawienia wolno\u015bci<\/strong> lub kary <strong>do\u017cywotniego pozbawienia wolno\u015bci<\/strong> nast\u0119puje <strong>po 10 latach<\/strong> od wykonania kary (darowania, przedawnienia wykonania), a okres ten mo\u017ce by\u0107 na wniosek skazanego skr\u00f3cony do<strong> lat 5<\/strong> \u2013 o ile kara nie przekracza\u0142a 3 lat (wi\u0119cej o wniosku o wcze\u015bniejsze zatarcie skazania &#8211; w oddzielnym wpisie);<\/span><\/li>\n<li><span style=\"color: #000000; line-height: 2.1; font-size: 15px;\">zatarcie skazania w przypadku kary <strong>ograniczenia wolno\u015bci<\/strong> nast\u0119puje po up\u0142ywie <strong>lat 3<\/strong> od jej wykonania (darowania, przedawnienia wykonania);<\/span><\/li>\n<li><span style=\"color: #000000; line-height: 2.1; font-size: 15px;\">zatarcie skazania w wypadku kary <strong>grzywny<\/strong> nast\u0119puje z up\u0142ywem <strong>roku<\/strong> od jej wykonania (darowania kary, przedawnienia jej wykonania);<\/span><\/li>\n<li><span style=\"color: #000000; line-height: 2.1; font-size: 15px;\">zatarcie skazania w przypadku <strong>odst\u0105pienia od wymierzenia kary<\/strong> (np. w przypadku \u015bwiadk\u00f3w koronnych) nast\u0119puje z up\u0142ywem <strong>roku<\/strong> od wydania prawomocnego orzeczenia;<\/span><\/li>\n<li><span style=\"color: #000000; line-height: 2.1; font-size: 15px;\">w przypadku, gdy orzeczono <strong>\u015brodek karny<\/strong>, <strong>przepadek<\/strong> lub <strong>\u015brodek kompensacyjny<\/strong>, zatarcie skazania <strong>nie mo\u017ce nast\u0105pi\u0107 przed jego wykonaniem<\/strong> (darowaniem, przedawnieniem jego wykonania);<\/span><\/li>\n<li><span style=\"color: #000000; line-height: 2.1; font-size: 15px;\">w przypadku, gdy orzeczono <strong>\u015brodek zabezpieczaj\u0105cy<\/strong>, zatarcie skazania<strong> nie mo\u017ce nast\u0105pi\u0107 przed jego wykonaniem<\/strong>.<\/span><\/li>\n<\/ul>\n<p><span style=\"color: #000000; line-height: 2.1; font-size: 15px;\">Dodatkowo, zgodnie z art. 108 KK, je\u015bli<strong> sprawca w czasie biegu okresu<\/strong> wymaganego do zatarcia skazania, pope\u0142ni\u0142 <strong>nowe przest\u0119pstwo<\/strong>, zatarcie skazania nast\u0119puje <strong>jednocze\u015bnie<\/strong> (tzn. z up\u0142ywem okresu w\u0142a\u015bciwego dla p\u00f3\u017aniej zacieraj\u0105cego si\u0119 skazania). Odnosi si\u0119 to tak\u017ce do sprawcy skazanego <strong>za dwa lub wi\u0119cej nie pozostaj\u0105cych w zbiegu przest\u0119pstw<\/strong>.<\/span><\/p>\n<hr \/>\n<p><span style=\"color: #000000; line-height: 2.1; font-size: 15px;\"><strong>\u015arodki karne<\/strong>, zgodnie z art. 39 KK, to: pozbawienie praw publicznych, zakaz zajmowania okre\u015blonego stanowiska, wykonywania okre\u015blonego zawodu lub prowadzenia okre\u015blonej dzia\u0142alno\u015bci gospodarczej, zakaz prowadzenia dzia\u0142alno\u015bci zwi\u0105zanej z wychowaniem, leczeniem, edukacj\u0105 ma\u0142oletnich lub z opiek\u0105 nad nimi, zakaz przebywania w okre\u015blonych \u015brodowiskach lub miejscach, kontaktowania si\u0119 z okre\u015blonymi osobami, zbli\u017cania si\u0119 do okre\u015blonych os\u00f3b lub opuszczania okre\u015blonego miejsca pobytu bez zgody s\u0105du, zakaz wst\u0119pu na imprez\u0119 masow\u0105, zakaz wst\u0119pu do o\u015brodk\u00f3w gier i uczestnictwa w grach hazardowych, nakaz okresowego opuszczenia lokalu zajmowanego wsp\u00f3lnie z pokrzywdzonym, zakaz prowadzenia pojazd\u00f3w, \u015bwiadczenie pieni\u0119\u017cne i podanie wyroku do publicznej wiadomo\u015bci.<\/span><\/p>\n<hr \/>\n<p><span style=\"color: #000000; line-height: 2.1; font-size: 15px;\"><strong>\u015arodki kompensacyjne<\/strong> to obowi\u0105zek naprawienia szkody i nawi\u0105zka.<\/span><\/p>\n<hr \/>\n<p><span style=\"color: #000000; line-height: 2.1; font-size: 15px;\"><strong>\u015arodki zabezpieczaj\u0105ce<\/strong>, zgodnie z art. 93e KK, to elektroniczna kontrola miejsca pobytu, terapia, terapia uzale\u017cnie\u0144 i pobyt w zak\u0142adzie psychiatrycznym.<\/span><\/p>\n<hr \/>\n<h3>Zatarcie skazania w wypadku kary pozbawienia wolno\u015bci warunkowo zawieszonej<\/h3>\n<p><span style=\"color: #000000; line-height: 2.1; font-size: 15px;\">Terminy zatarcia skazania w wypadku orzeczenia <strong>kary pozbawienia wolno\u015bci z warunkowym jej zawieszeniem<\/strong> reguluje art. 76 KK.<\/span><\/p>\n<blockquote><p><span style=\"color: #000000; line-height: 2.1; font-size: 15px;\">1. Skazanie ulega zatarciu z mocy prawa z up\u0142ywem 6 miesi\u0119cy od zako\u0144czenia okresu pr\u00f3by.<\/span><\/p>\n<p><span style=\"color: #000000; line-height: 2.1; font-size: 15px;\">1a. W wypadku, o kt\u00f3rym mowa w art. 75a, zatarcie skazania nast\u0119puje z up\u0142ywem okres\u00f3w przewidzianych w art. 107 \u00a7 4 i 4a.<\/span><\/p>\n<p><span style=\"color: #000000; line-height: 2.1; font-size: 15px;\">1b. W wypadkach, o kt\u00f3rych mowa w \u00a7 1 i 1a, przepis art. 108 stosuje si\u0119.<\/span><\/p>\n<p><span style=\"color: #000000; line-height: 2.1; font-size: 15px;\">2. Je\u017celi wobec skazanego orzeczono grzywn\u0119, \u015brodek karny, przepadek lub \u015brodek kompensacyjny, zatarcie skazania nie mo\u017ce nast\u0105pi\u0107 przed ich wykonaniem, darowaniem albo przedawnieniem ich wykonania. Zatarcie skazania nie mo\u017ce nast\u0105pi\u0107 r\u00f3wnie\u017c przed wykonaniem \u015brodka zabezpieczaj\u0105cego.<\/span><\/p><\/blockquote>\n<p><span style=\"color: #000000; line-height: 2.1; font-size: 15px;\">Powy\u017csze oznacza, i\u017c:<\/span><\/p>\n<ul>\n<li><span style=\"color: #000000; line-height: 2.1; font-size: 15px;\">zatarcie skazania <strong>kary warunkowo zawieszonej<\/strong> up\u0142ywa z okresem<strong> 6 miesi\u0119cy od zako\u0144czenia okresu pr\u00f3by<\/strong>;<\/span><\/li>\n<li><span style=\"color: #000000; line-height: 2.1; font-size: 15px;\">w przypadku, gdy s\u0105d zamiast zarz\u0105dzi\u0107 wykonanie kary pozbawienia wolno\u015bci w zwi\u0105zku z naruszeniem obowi\u0105zk\u00f3w przez skazanego, <strong>zamieni j\u0105 na kar\u0119 ograniczenia wolno\u015bci<\/strong> albo na <strong>grzywn\u0119<\/strong>, zatarcie skazania nast\u0119puje <strong>zgodnie z og\u00f3lnymi terminami<\/strong> dla tych kar przewidzianymi (<strong>3 lata\/6 miesi\u0119cy<\/strong>);<\/span><\/li>\n<li><span style=\"color: #000000; line-height: 2.1; font-size: 15px;\">w przypadku, gdy s\u0105d zawieszaj\u0105c kar\u0119, orzeka <strong>grzywn\u0119<\/strong>, <strong>\u015brodek karny<\/strong>, <strong>przepadek<\/strong> lub <strong>\u015brodek kompensacyjny<\/strong>, zatarcie skazania nie mo\u017ce nast\u0105pi\u0107 <strong>przed ich wykonaniem<\/strong> (darowaniem\/przedawnieniem), nawet, je\u015bli od zako\u0144czenia okresu pr\u00f3by up\u0142ynie 6 miesi\u0119cy.<\/span><\/li>\n<\/ul>\n<p><span style=\"color: #000000; line-height: 2.1; font-size: 15px;\">Do niedawna, powy\u017cej opisane ograniczenie w zatarciu skazania skazania na kar\u0119 warunkowo zawieszon\u0105 <strong>nie dotyczy\u0142o<\/strong> \u015brodk\u00f3w kompensacyjnych (a zatem, zatarcie skazania mog\u0142o nast\u0105pi\u0107 nawet, je\u015bli skazany nie wype\u0142ni\u0142 ci\u0105\u017c\u0105cego na nim obowi\u0105zku naprawienia szkody pokrzywdzonemu). Obecnie, regulacja ta jest <strong>ujednolicona<\/strong>, a zatem do zatarcia skazania w przypadku kary warunkowo zawieszonej niezb\u0119dne jest wype\u0142nienie przez skazanego wszystkich obowi\u0105zk\u00f3w wynikaj\u0105cych z wyroku.<\/span><\/p>\n<h3>Zatarcie skazania kary mieszanej<\/h3>\n<p><span style=\"color: #000000; line-height: 2.1; font-size: 15px;\">Na podstawie art. 37b KK, s\u0105d mo\u017ce wymierzy\u0107 oskar\u017conemu tzw. <strong>kar\u0119 mieszan\u0105<\/strong> \u2013 tj. kar\u0119 pozbawienia wolno\u015bci (zasadniczo, w ni\u017cszej wysoko\u015bci ni\u017c gdyby kara pozbawienia wolno\u015bci by\u0142a orzekana samoistnie), po kt\u00f3rej nast\u0119puje kara ograniczenia wolno\u015bci w wymiarze do lat dw\u00f3ch. W doktrynie pojawiaj\u0105 si\u0119 r\u00f3\u017cne g\u0142osy, jak nale\u017cy liczy\u0107 zatarcie skazania w przypadku tej kary. Ustawodawca niestety nie uregulowa\u0142 tej kwestii. Osobi\u015bcie stoj\u0119 na stanowisku, \u017ce w tym przypadku powinno nast\u0119powa\u0107 z up\u0142ywem terminu, w kt\u00f3rym ziszcz\u0105 si\u0119 zar\u00f3wno przes\u0142anki zatarcia skazania na kar\u0119 pozbawienia wolno\u015bci (10 lub 5 lat w przypadku wniosku o wcze\u015bniejsze zatarcie skazania), jak i na kar\u0119 ograniczenia wolno\u015bci (3 lata). Innymi s\u0142owy, je\u015bli skazany w okresie zatarcia skazania w\u0142a\u015bciwym dla kary pozbawienia wolno\u015bci wykona kar\u0119 ograniczenia wolno\u015bci i od jej zako\u0144czenia up\u0142ynie okres w\u0142a\u015bciwy dla zatarcia skazania na t\u0119 kar\u0119, to nast\u0105pi kumulatywne zatarcie skazania po up\u0142ywie okresu w\u0142a\u015bciwego dla kary pozbawienia wolno\u015bci. Kwestia ta zdecydowanie jednak wymaga doprecyzowania przez ustawodawc\u0119.<\/span><\/p>\n<h3>Czy moje dane znikn\u0105 z KRK automatycznie?<\/h3>\n<p><span style=\"color: #000000; line-height: 2.1; font-size: 15px;\">Zasadniczo, zatarcie skazania nast\u0119puje <strong>z mocy prawa<\/strong>. Oznacza to, \u017ce informacja o skazaniu powinna automatycznie zosta\u0107 wykre\u015blona ze wszystkich rejestr\u00f3w. Czasami zdarza si\u0119 jednak, \u017ce pomimo up\u0142ywu wymaganego czasu, informacja nie ulega wykre\u015bleniu, lub &#8211; dopiero nasz wniosek o wydanie za\u015bwiadczenia o niekaralno\u015bci, wszczyna procedur\u0119 jej usuni\u0119cia.<\/span><\/p>\n<p><span style=\"color: #000000; line-height: 2.1; font-size: 15px;\">Pami\u0119ta\u0107 jednak nale\u017cy, \u017ce czynno\u015b\u0107 usuni\u0119cia danych z rejestru ma jedynie charakter techniczny, <strong>deklaratoryjny<\/strong>. Oznacza to, \u017ce <strong>do zatarcia skazania dochodzi z up\u0142ywem odpowiedniego okresu czasu<\/strong>, nawet, je\u015bli w odpowiednim rejestrze nie odnotowano jeszcze, \u017ce do zatarcia dosz\u0142o. Osoba, wobec kt\u00f3rej up\u0142yn\u0105\u0142 okres zatarcia skazania, mo\u017ce jednak wywodzi\u0107 mimo tego wszystkie skutki wynikaj\u0105ce z zatarcia skazania &#8211; w tym o\u015bwiadcza\u0107, \u017ce jest osob\u0105 niekaran\u0105.<\/span><\/p>\n<\/div>\n","protected":false},"excerpt":{"rendered":"<p>Osoba skazana prawomocnym wyrokiem karnym figuruje w Krajowym Rejestrze Karnym. Kiedy informacja o skazaniu zniknie z Krajowego Rejestru Krajowego?<\/p>\n","protected":false},"author":1,"featured_media":371,"comment_status":"open","ping_status":"open","sticky":false,"template":"","format":"standard","meta":{"_mi_skip_tracking":false},"categories":[5],"tags":[53,51,52,50,49],"aioseo_notices":[],"_links":{"self":[{"href":"https:\/\/paplinska.pl\/wordpress\/wp-json\/wp\/v2\/posts\/369"}],"collection":[{"href":"https:\/\/paplinska.pl\/wordpress\/wp-json\/wp\/v2\/posts"}],"about":[{"href":"https:\/\/paplinska.pl\/wordpress\/wp-json\/wp\/v2\/types\/post"}],"author":[{"embeddable":true,"href":"https:\/\/paplinska.pl\/wordpress\/wp-json\/wp\/v2\/users\/1"}],"replies":[{"embeddable":true,"href":"https:\/\/paplinska.pl\/wordpress\/wp-json\/wp\/v2\/comments?post=369"}],"version-history":[{"count":2,"href":"https:\/\/paplinska.pl\/wordpress\/wp-json\/wp\/v2\/posts\/369\/revisions"}],"predecessor-version":[{"id":372,"href":"https:\/\/paplinska.pl\/wordpress\/wp-json\/wp\/v2\/posts\/369\/revisions\/372"}],"wp:featuredmedia":[{"embeddable":true,"href":"https:\/\/paplinska.pl\/wordpress\/wp-json\/wp\/v2\/media\/371"}],"wp:attachment":[{"href":"https:\/\/paplinska.pl\/wordpress\/wp-json\/wp\/v2\/media?parent=369"}],"wp:term":[{"taxonomy":"category","embeddable":true,"href":"https:\/\/paplinska.pl\/wordpress\/wp-json\/wp\/v2\/categories?post=369"},{"taxonomy":"post_tag","embeddable":true,"href":"https:\/\/paplinska.pl\/wordpress\/wp-json\/wp\/v2\/tags?post=369"}],"curies":[{"name":"wp","href":"https:\/\/api.w.org\/{rel}","templated":true}]}}