{"id":380,"date":"2018-09-07T16:56:18","date_gmt":"2018-09-07T14:56:18","guid":{"rendered":"http:\/\/paplinska.pl\/wordpress\/?p=380"},"modified":"2018-09-14T20:59:49","modified_gmt":"2018-09-14T18:59:49","slug":"sde-ii","status":"publish","type":"post","link":"https:\/\/paplinska.pl\/wordpress\/2018\/09\/07\/sde-ii\/","title":{"rendered":"System dozoru elektronicznego, cz. II"},"content":{"rendered":"<p><span style=\"color: #000000; line-height: 2.1; font-size: 15px;\">System dozoru elektronicznego jest sposobem na odbycie kary pozbawienia wolno\u015bci bez konieczno\u015bci przebywania w zak\u0142adzie karnym. Kto i kiedy mo\u017ce ubiega\u0107 si\u0119 o tzw. \u201eobr\u0105czk\u0119\u201d? Druga cz\u0119\u015b\u0107 wpisu przybli\u017ca sposoby ubiegania si\u0119 o uzyskanie zezwolenia na skorzystanie z tej instytucji.<\/span><\/p>\n<p><span style=\"color: #000000; line-height: 2.1; font-size: 15px;\"><!--more--><\/span><\/p>\n<h3>Kiedy s\u0105d udzieli zezwolenia?<\/h3>\n<p><span style=\"color: #000000; line-height: 2.1; font-size: 15px;\">Zgodnie z art. 43la \u00a7 1 KKW, s\u0105d penitencjarny <strong>mo\u017ce<\/strong> (a wi\u0119c nie jest to obligatoryjne) <strong>udzieli\u0107 skazanemu zezwolenia na odbycie kary pozbawienia wolno\u015bci w systemie dozoru elektronicznego<\/strong>, je\u017celi zosta\u0142y spe\u0142nione \u0142\u0105cznie nast\u0119puj\u0105ce warunki:<\/span><\/p>\n<ul>\n<li><span style=\"color: #000000; line-height: 2.1; font-size: 15px;\">wobec skazanego orzeczono <strong>kar\u0119 pozbawienia wolno\u015bci nieprzekraczaj\u0105c\u0105 jednego roku<\/strong>, a nie zachodz\u0105 warunki przewidziane w art. 64 \u00a7 2 Kodeksu karnego;<\/span><\/li>\n<li><span style=\"color: #000000; line-height: 2.1; font-size: 15px;\">jest to <strong>wystarczaj\u0105ce do osi\u0105gni\u0119cia cel\u00f3w kary<\/strong>;<\/span><\/li>\n<li><span style=\"color: #000000; line-height: 2.1; font-size: 15px;\">skazany posiada <strong>okre\u015blone miejsce sta\u0142ego pobytu<\/strong>;<\/span><\/li>\n<li><span style=\"color: #000000; line-height: 2.1; font-size: 15px;\"><strong>osoby pe\u0142noletnie zamieszkuj\u0105ce wsp\u00f3lnie ze skazanym wyrazi\u0142y zgod\u0119<\/strong>, na odbywanie w miejscu zamieszkania kary w SDE;<br \/>\n<\/span><\/li>\n<li><span style=\"color: #000000; line-height: 2.1; font-size: 15px;\">odbywaniu kary pozbawienia wolno\u015bci w systemie dozoru elektronicznego<strong> nie stoj\u0105 na przeszkodzie warunki techniczne<\/strong>.<\/span><\/li>\n<\/ul>\n<p><span style=\"color: #000000; line-height: 2.1; font-size: 15px;\">Dodatkowo, je\u015bli skazany <strong>nie rozpocz\u0105\u0142<\/strong> jeszcze wykonywania kary w ZK, mo\u017cna udzieli\u0107 zezwolenia na odbycie kary pozbawienia wolno\u015bci w systemie dozoru elektronicznego, je\u017celi<strong> wzgl\u0119dy bezpiecze\u0144stwa i stopie\u0144 demoralizacji<\/strong>, a tak\u017ce inne szczeg\u00f3lne okoliczno\u015bci <strong>nie przemawiaj\u0105 za potrzeb\u0105 osadzenia skazanego<\/strong> w zak\u0142adzie karnym.<\/span><\/p>\n<p><span style=\"color: #000000; line-height: 2.1; font-size: 15px;\">Z kolei skazanemu, kt\u00f3ry <strong>rozpocz\u0105\u0142<\/strong> ju\u017c odbywanie kary w zak\u0142adzie karnym, mo\u017cna udzieli\u0107 zezwolenia na odbycie w systemie dozoru elektronicznego pozosta\u0142ej cz\u0119\u015bci kary, je\u017celi <strong>za udzieleniem zezwolenia przemawiaj\u0105 dotychczasowa postawa i zachowanie skazanego<\/strong>.<\/span><\/p>\n<h3>SDE \u2013 jak i gdzie z\u0142o\u017cy\u0107 wniosek?<\/h3>\n<p><span style=\"color: #000000; line-height: 2.1; font-size: 15px;\">Zezwolenia na odbycie kary w systemie dozoru elektronicznego udziela<strong> s\u0105d penitencjarny, w kt\u00f3rego okr\u0119gu skazany przebywa<\/strong>, na pisemny wniosek. Wniosek taki wolny jest od op\u0142at.<br \/>\n<\/span><\/p>\n<p><span style=\"color: #000000; line-height: 2.1; font-size: 15px;\"><strong>Z wnioskiem o udzielenie skazanemu zezwolenia<\/strong> na odbycie kary pozbawienia wolno\u015bci w systemie dozoru elektronicznego <strong>mo\u017ce wyst\u0105pi\u0107<\/strong> do s\u0105du penitencjarnego: <\/span><\/p>\n<ul>\n<li><span style=\"color: #000000; line-height: 2.1; font-size: 15px;\"><strong>skazany<\/strong>, <\/span><\/li>\n<li><span style=\"color: #000000; line-height: 2.1; font-size: 15px;\">jego <strong>obro\u0144ca<\/strong>, <\/span><\/li>\n<li><span style=\"color: #000000; line-height: 2.1; font-size: 15px;\"><strong>prokurator<\/strong>, <\/span><\/li>\n<li><span style=\"color: #000000; line-height: 2.1; font-size: 15px;\"><strong>s\u0105dowy kurator<\/strong> <strong>zawodowy<\/strong>, <\/span><\/li>\n<li><span style=\"color: #000000; line-height: 2.1; font-size: 15px;\"><strong>dyrektor zak\u0142adu karnego<\/strong>, (gdy skazany przebywa w zak\u0142adzie karnym).<\/span><\/li>\n<\/ul>\n<p><span style=\"color: #000000; line-height: 2.1; font-size: 15px;\">Wniosek nale\u017cy z\u0142o\u017cy\u0107 na <strong>pi\u015bmie<\/strong>. Do wniosku trzeba koniecznie za\u0142\u0105czy\u0107 <strong>zgody wszystkich os\u00f3b pe\u0142noletnich,<\/strong> kt\u00f3re zamieszkuj\u0105 w lokalu, w kt\u00f3rym kara ma by\u0107 odbywana. Z tego wynika, \u017ce <strong>nie jest zasadniczo potrzebna zgoda w\u0142a\u015bciciela mieszkania<\/strong>, o ile w nim nie mieszka (np. wynajmuj\u0105cego). Do wniosku warto od razu do\u0142\u0105czy\u0107<strong> proponowany harmonogram<\/strong> (&#8222;grafik&#8221;), okre\u015blaj\u0105cy czas pobytu w ustalonym miejscu, z podzia\u0142em na dni i godziny.<\/span><\/p>\n<hr \/>\n<p><span style=\"color: #000000; line-height: 2.1; font-size: 15px;\">Warto wiedzie\u0107, \u017ce w wyj\u0105tkowym przypadku, uzasadnionym szczeg\u00f3lnymi okoliczno\u015bciami, s\u0105d penitencjarny mo\u017ce zmieni\u0107 miejsce wykonywania dozoru stacjonarnego.<\/span><\/p>\n<hr \/>\n<p><span style=\"color: #000000; line-height: 2.1; font-size: 15px;\">Na postanowienie s\u0105du wydane w przedmiocie wniosku, przys\u0142uguje <strong>za\u017calenie<\/strong>.<\/span><\/p>\n<h3>Kiedy s\u0105d uchyli zezwolenie na odbywanie kary w SDE?<\/h3>\n<p><span style=\"color: #000000; line-height: 2.1; font-size: 15px;\">S\u0105d penitencjarny obligatoryjnie uchyla zezwolenie na odbycie przez skazanego kary pozbawienia wolno\u015bci w systemie dozoru elektronicznego, je\u017celi:<\/span><\/p>\n<ul>\n<li><span style=\"color: #000000; line-height: 2.1; font-size: 15px;\">skazany <strong>nie zachowa wyznaczonego terminu<\/strong> na zg\u0142oszenie upowa\u017cnionemu podmiotowi dozoruj\u0105cemu <strong>gotowo\u015bci<\/strong> do rozpocz\u0119cia wykonania kary, albo<strong> uchyla si\u0119 od niezw\u0142ocznego zainstalowania<\/strong> przez podmiot dozoruj\u0105cy rejestratora lub od za\u0142o\u017cenia nadajnika;<\/span><\/li>\n<li><span style=\"color: #000000; line-height: 2.1; font-size: 15px;\">skazany, odbywaj\u0105c kar\u0119 pozbawienia wolno\u015bci w SDE, <strong>naruszy\u0142 porz\u0105dek prawny<\/strong>, w szczeg\u00f3lno\u015bci pope\u0142ni\u0142 przest\u0119pstwo lub przest\u0119pstwo skarbowe;<\/span><\/li>\n<li><span style=\"color: #000000; line-height: 2.1; font-size: 15px;\">skazany<strong> uchyla si\u0119 od wykonania obowi\u0105zk\u00f3w zwi\u0105zanych z dozorem elektronicznym<\/strong> lub innych na\u0142o\u017conych obowi\u0105zk\u00f3w, orzeczonego \u015brodka karnego, \u015brodka kompensacyjnego lub przepadku;<\/span><\/li>\n<li><span style=\"color: #000000; line-height: 2.1; font-size: 15px;\"><strong>odwo\u0142ano przerw\u0119<\/strong> w wykonaniu kary pozbawienia wolno\u015bci w SDE z powodu innego ni\u017c ustanie przyczyny, dla kt\u00f3rej przerwa zosta\u0142a udzielona;<\/span><\/li>\n<li><span style=\"color: #000000; line-height: 2.1; font-size: 15px;\">skazany w czasie wykonywania kary pozbawienia wolno\u015bci w SDE<strong> zosta\u0142 osadzony w zak\u0142adzie karnym<\/strong> w zwi\u0105zku z zastosowaniem tymczasowego aresztowania lub wykonaniem kary w innej sprawie.<\/span><\/li>\n<\/ul>\n<p><span style=\"color: #000000; line-height: 2.1; font-size: 15px;\">W wyj\u0105tkowych przypadkach, uzasadnionych szczeg\u00f3lnymi okoliczno\u015bciami, S\u0105d penitencjarny <strong>mo\u017ce odst\u0105pi\u0107<\/strong> od uchylenia zezwolenia.<\/span><\/p>\n<p><span style=\"color: #000000; line-height: 2.1; font-size: 15px;\">S\u0105d penitencjarny mo\u017ce tak\u017ce <strong>uchyli\u0107 zezwolenie na odbycie<\/strong> przez skazanego kary pozbawienia wolno\u015bci w systemie dozoru elektronicznego, je\u017celi skazany korzystaj\u0105cy<strong> z zezwolenia na czasowe opuszczenie miejsca pobytu<\/strong> (max. 7 dni),<strong> nie powr\u00f3ci\u0142<\/strong> do okre\u015blonego miejsca w wyznaczonym czasie.<\/span><\/p>\n<h3>Obowi\u0105zki i prawa skazanego<\/h3>\n<p><span style=\"color: #000000; line-height: 2.1; font-size: 15px;\">Skazany, wobec kt\u00f3rego wykonywany jest doz\u00f3r elektroniczny, ma obowi\u0105zek:<\/span><\/p>\n<ul>\n<li><strong><span style=\"color: #000000; line-height: 2.1; font-size: 15px;\">nieprzerwanie nosi\u0107 nadajnik;<\/span><\/strong><\/li>\n<li><span style=\"color: #000000; line-height: 2.1; font-size: 15px;\"><strong>dba\u0107 o powierzone mu \u015brodki techniczne<\/strong>, w tym zw\u0142aszcza chroni\u0107 je przed utrat\u0105, zniszczeniem, uszkodzeniem lub uczynieniem niezdatnymi do u\u017cytku, oraz zapewnia\u0107 ich sta\u0142e zasilanie energi\u0105 elektryczn\u0105;<\/span><\/li>\n<li><span style=\"color: #000000; line-height: 2.1; font-size: 15px;\"><strong>udost\u0119pnia\u0107 podmiotowi dozoruj\u0105cemu powierzone \u015brodki techniczne<\/strong> do kontroli, naprawy lub wymiany na ka\u017cde \u017c\u0105danie tego podmiotu, w tym r\u00f3wnie\u017c umo\u017cliwiaj\u0105c pracownikom tego podmiotu wej\u015bcie do pomieszcze\u0144, w kt\u00f3rych skazany przebywa, lub na nieruchomo\u015b\u0107 stanowi\u0105c\u0105 jego w\u0142asno\u015b\u0107 lub b\u0119d\u0105c\u0105 w jego zarz\u0105dzie;<\/span><\/li>\n<li><span style=\"color: #000000; line-height: 2.1; font-size: 15px;\"><strong>udziela\u0107 prezesowi s\u0105du lub upowa\u017cnionemu s\u0119dziemu, s\u0105dowemu kuratorowi zawodowemu, podmiotowi dozoruj\u0105cemu i podmiotowi prowadz\u0105cemu central\u0119 monitorowania wyja\u015bnie\u0144<\/strong> dotycz\u0105cych przebiegu odbywania kary i wykonywania na\u0142o\u017conych obowi\u0105zk\u00f3w oraz <strong>stawia\u0107 si\u0119 na wezwania s\u0119dziego i kuratora;<\/strong><\/span><\/li>\n<li><span style=\"color: #000000; line-height: 2.1; font-size: 15px;\"><strong>pozostawa\u0107 we wskazanym<\/strong> przez s\u0105d <strong>miejscu<\/strong> w <strong>wyznaczonym czasie;<\/strong><\/span><\/li>\n<li><span style=\"color: #000000; line-height: 2.1; font-size: 15px;\"><strong>odbiera\u0107 po\u0142\u0105czenia<\/strong> przychodz\u0105ce do rejestratora stacjonarnego;<\/span><\/li>\n<li><span style=\"color: #000000; line-height: 2.1; font-size: 15px;\"><strong>umo\u017cliwia\u0107 s\u0105dowemu kuratorowi zawodowemu wej\u015bcie do mieszkania<\/strong> lub na nieruchomo\u015b\u0107, gdzie zainstalowano rejestrator;<\/span><\/li>\n<li><span style=\"color: #000000; line-height: 2.1; font-size: 15px;\"><strong>udziela\u0107 osobom upowa\u017cnionym, na ich \u017c\u0105danie, wyja\u015bnie\u0144,<\/strong> r\u00f3wnie\u017c przy u\u017cyciu rejestratora stacjonarnego.<\/span><\/li>\n<\/ul>\n<p><span style=\"color: #000000; line-height: 2.1; font-size: 15px;\">Co istotne, skazany odbywaj\u0105cy kar\u0119 w warunkach SDE mo\u017ce:<\/span><\/p>\n<ul>\n<li><span style=\"color: #000000; line-height: 2.1; font-size: 15px;\">ubiega\u0107 si\u0119 o <strong>przerw\u0119<\/strong> w wykonaniu kary ze wzgl\u0119du na \u201ewa\u017cne wzgl\u0119dy zdrowotne lub osobiste\u201d,<\/span><\/li>\n<li><span style=\"color: #000000; line-height: 2.1; font-size: 15px;\">ubiega\u0107 si\u0119 o<strong> zezwolenie na opuszczenie miejsca wykonywania dozoru na okres nieprzekraczaj\u0105cy 7 dni<\/strong> \u201ew przypadkach szczeg\u00f3lnie wa\u017cnych dla skazanego, uzasadnionych wzgl\u0119dami zdrowotnymi, rodzinnymi lub osobistymi\u201d,<\/span><\/li>\n<li><span style=\"color: #000000; line-height: 2.1; font-size: 15px;\">stara\u0107 si\u0119 o <strong>warunkowe przedterminowe zwolnienie<\/strong> z pozosta\u0142ej cz\u0119\u015bci kary.<\/span><\/li>\n<\/ul>\n<hr \/>\n<p>Na ko\u0144cu nale\u017cy zdecydowanie podkre\u015bli\u0107, \u017ce odbywanie kary w systemie dozoru elektronicznego jest zasadniczo du\u017co mniej dolegliwe dla skazanych, ni\u017c pozostawanie w izolacji wi\u0119ziennej w zak\u0142adzie karnym. Dlatego w wypadku orzeczenia kary pozbawienia wolno\u015bci nieprzekraczaj\u0105cej roku, zawsze doradzam ubieganie si\u0119 o skorzystanie z tej, wzgl\u0119dnie nowej, i wygodnej formy wykonania kary.<\/p>\n","protected":false},"excerpt":{"rendered":"<p>System dozoru elektronicznego jest sposobem na odbycie kary pozbawienia wolno\u015bci bez konieczno\u015bci przebywania w zak\u0142adzie karnym. Kto i kiedy mo\u017ce ubiega\u0107 si\u0119 o tzw. \u201eobr\u0105czk\u0119\u201d? Druga cz\u0119\u015b\u0107 wpisu przybli\u017ca sposoby ubiegania si\u0119 o uzyskanie zezwolenia na skorzystanie z tej instytucji.<\/p>\n","protected":false},"author":1,"featured_media":382,"comment_status":"open","ping_status":"open","sticky":false,"template":"","format":"standard","meta":{"_mi_skip_tracking":false},"categories":[20],"tags":[54,57,55,56,59,60,61],"aioseo_notices":[],"_links":{"self":[{"href":"https:\/\/paplinska.pl\/wordpress\/wp-json\/wp\/v2\/posts\/380"}],"collection":[{"href":"https:\/\/paplinska.pl\/wordpress\/wp-json\/wp\/v2\/posts"}],"about":[{"href":"https:\/\/paplinska.pl\/wordpress\/wp-json\/wp\/v2\/types\/post"}],"author":[{"embeddable":true,"href":"https:\/\/paplinska.pl\/wordpress\/wp-json\/wp\/v2\/users\/1"}],"replies":[{"embeddable":true,"href":"https:\/\/paplinska.pl\/wordpress\/wp-json\/wp\/v2\/comments?post=380"}],"version-history":[{"count":1,"href":"https:\/\/paplinska.pl\/wordpress\/wp-json\/wp\/v2\/posts\/380\/revisions"}],"predecessor-version":[{"id":381,"href":"https:\/\/paplinska.pl\/wordpress\/wp-json\/wp\/v2\/posts\/380\/revisions\/381"}],"wp:featuredmedia":[{"embeddable":true,"href":"https:\/\/paplinska.pl\/wordpress\/wp-json\/wp\/v2\/media\/382"}],"wp:attachment":[{"href":"https:\/\/paplinska.pl\/wordpress\/wp-json\/wp\/v2\/media?parent=380"}],"wp:term":[{"taxonomy":"category","embeddable":true,"href":"https:\/\/paplinska.pl\/wordpress\/wp-json\/wp\/v2\/categories?post=380"},{"taxonomy":"post_tag","embeddable":true,"href":"https:\/\/paplinska.pl\/wordpress\/wp-json\/wp\/v2\/tags?post=380"}],"curies":[{"name":"wp","href":"https:\/\/api.w.org\/{rel}","templated":true}]}}