{"id":489,"date":"2022-01-04T17:18:51","date_gmt":"2022-01-04T16:18:51","guid":{"rendered":"https:\/\/paplinska.pl\/wordpress\/?p=489"},"modified":"2022-01-04T17:54:08","modified_gmt":"2022-01-04T16:54:08","slug":"orly-prawa-2021-i-miejsce-w-lomiankach","status":"publish","type":"post","link":"https:\/\/paplinska.pl\/wordpress\/2022\/01\/04\/orly-prawa-2021-i-miejsce-w-lomiankach\/","title":{"rendered":"Or\u0142y Prawa 2021 &#8211; I miejsce w \u0141omiankach"},"content":{"rendered":"<div class=\"blogpost\"><span style=\"color: #000000; line-height: 2.1; font-size: 15px;\"><span style=\"color: #000000; line-height: 2.1; font-size: 15px;\"><span style=\"color: #000000; line-height: 2.1; font-size: 15px;\"><span style=\"color: #000000; line-height: 2.1; font-size: 15px;\"><br \/>\nSzanowni Klienci,<\/span><\/span><\/span><\/span><\/div>\n<div class=\"blogpost\"><span style=\"color: #000000; line-height: 2.1; font-size: 15px;\"><span style=\"color: #000000; line-height: 2.1; font-size: 15px;\"><span style=\"color: #000000; line-height: 2.1; font-size: 15px;\"><span style=\"color: #000000; line-height: 2.1; font-size: 15px;\"><br \/>\nMi\u0142o nam rozpocz\u0105\u0107 rok informacj\u0105, \u017ce ju\u017c po raz trzeci z rz\u0119du Kancelaria Adwokacka Agata Papli\u0144ska zosta\u0142a przez Klient\u00f3w wyr\u00f3\u017cniona pierwszym miejscem w \u0141omiankach w og\u00f3lnopolskim plebiscycie Or\u0142y Prawa, uzyskuj\u0105c \u015bredni\u0105 ocen 10\/10.<br \/>\nJako, \u017ce jest to nagroda przyznawana na podstawie opinii Klient\u00f3w, jest to dla nas wyr\u00f3\u017cnienie szczeg\u00f3lnie wa\u017cne.<\/span><\/span><\/span><\/span><\/div>\n<div class=\"blogpost\"><span style=\"color: #000000; line-height: 2.1; font-size: 15px;\"><span style=\"color: #000000; line-height: 2.1; font-size: 15px;\"><span style=\"color: #000000; line-height: 2.1; font-size: 15px;\"><br \/>\nDzi\u0119kujemy za zaufanie i \u017cyczymy wszystkim pomy\u015blno\u015bci w rozpocz\u0119tym w\u0142a\u015bnie 2022 roku!.<\/span><\/span><\/span><\/p>\n<\/div>\n","protected":false},"excerpt":{"rendered":"<p>Or\u0142y Prawa &#8211; I miejsce w \u0141omiankach w 2021 roku<\/p>\n","protected":false},"author":1,"featured_media":488,"comment_status":"open","ping_status":"open","sticky":false,"template":"","format":"standard","meta":{"_mi_skip_tracking":false},"categories":[8],"tags":[67],"aioseo_notices":[],"_links":{"self":[{"href":"https:\/\/paplinska.pl\/wordpress\/wp-json\/wp\/v2\/posts\/489"}],"collection":[{"href":"https:\/\/paplinska.pl\/wordpress\/wp-json\/wp\/v2\/posts"}],"about":[{"href":"https:\/\/paplinska.pl\/wordpress\/wp-json\/wp\/v2\/types\/post"}],"author":[{"embeddable":true,"href":"https:\/\/paplinska.pl\/wordpress\/wp-json\/wp\/v2\/users\/1"}],"replies":[{"embeddable":true,"href":"https:\/\/paplinska.pl\/wordpress\/wp-json\/wp\/v2\/comments?post=489"}],"version-history":[{"count":4,"href":"https:\/\/paplinska.pl\/wordpress\/wp-json\/wp\/v2\/posts\/489\/revisions"}],"predecessor-version":[{"id":495,"href":"https:\/\/paplinska.pl\/wordpress\/wp-json\/wp\/v2\/posts\/489\/revisions\/495"}],"wp:featuredmedia":[{"embeddable":true,"href":"https:\/\/paplinska.pl\/wordpress\/wp-json\/wp\/v2\/media\/488"}],"wp:attachment":[{"href":"https:\/\/paplinska.pl\/wordpress\/wp-json\/wp\/v2\/media?parent=489"}],"wp:term":[{"taxonomy":"category","embeddable":true,"href":"https:\/\/paplinska.pl\/wordpress\/wp-json\/wp\/v2\/categories?post=489"},{"taxonomy":"post_tag","embeddable":true,"href":"https:\/\/paplinska.pl\/wordpress\/wp-json\/wp\/v2\/tags?post=489"}],"curies":[{"name":"wp","href":"https:\/\/api.w.org\/{rel}","templated":true}]}}