{"id":59,"date":"2018-08-30T21:01:49","date_gmt":"2018-08-30T19:01:49","guid":{"rendered":"http:\/\/paplinska.pl\/wordpress\/?p=59"},"modified":"2018-09-02T18:00:14","modified_gmt":"2018-09-02T16:00:14","slug":"kara-ograniczenia-wolnosci","status":"publish","type":"post","link":"https:\/\/paplinska.pl\/wordpress\/2018\/08\/30\/kara-ograniczenia-wolnosci\/","title":{"rendered":"Wykonywanie kary ograniczenia wolno\u015bci"},"content":{"rendered":"<div class=\"blogpost\">\n<p><span style=\"color: #000000; line-height: 2.1; font-size: 15px;\">Jednym z cz\u0119stych problem\u00f3w, z jakimi zg\u0142aszaj\u0105 si\u0119 do mnie Klienci, s\u0105 kwestie zwi\u0105zane z wykonywaniem <strong>kary ograniczenia wolno\u015bci<\/strong>. Niewykonanie tej kary \u2013 czy, pos\u0142uguj\u0105c si\u0119 j\u0119zykiem kodeksowym, \u201euchylanie si\u0119\u201d od jej wykonania \u2013<strong> rodzi z regu\u0142y przykre i mocno dolegliwe konsekwencje<\/strong>. Na skuteczn\u0105 pomoc jest ju\u017c wtedy cz\u0119sto zbyt p\u00f3\u017ano, a Klient, kt\u00f3ry \u201ezapomnia\u0142\u201d o obowi\u0105zkach wynikaj\u0105cych z wyroku, ze zdziwieniem otrzymuje wezwanie na posiedzenie w przedmiocie zarz\u0105dzenia <strong>zast\u0119pczej kary pozbawienia wolno\u015bci.<\/strong> O mo\u017cliwo\u015bciach dzia\u0142ania w takiej sytuacji wi\u0119cej w oddzielnym wpisie. W niniejszym po\u015bcie chcia\u0142abym si\u0119 skupi\u0107 na om\u00f3wieniu <strong>sposob\u00f3w wykonania kary ograniczenia wolno\u015bci.<\/strong><\/span><span style=\"color: #000000; line-height: 2.1; font-size: 15px;\"><!--more--><\/span><\/p>\n<p><span style=\"color: #000000; line-height: 2.1; font-size: 15px;\">W pierwszej kolejno\u015bci nale\u017cy zaznaczy\u0107, \u017ce kar\u0119 ograniczenia wolno\u015bci \u2013 czasem popularnie nazywan\u0105 \u201e<em>robotami spo\u0142ecznymi<\/em>\u201d albo \u201e<em>godzinami do odrobienia\u201d<\/em> \u2013 orzeka s\u0105d za przest\u0119pstwo w wymiarze od 1 miesi\u0105ca do dw\u00f3ch lat oraz za wykroczenie w wymiarze 1 miesi\u0105ca. <strong>W tym okresie s\u0105d zobowi\u0105zuje skazanego do wykonania nieodp\u0142atnej, kontrolowanej pracy na cele spo\u0142eczne w okre\u015blonym wymiarze, od 20 do 40 godzin w miesi\u0105cu.<\/strong> Istnieje tak\u017ce, cho\u0107 zdecydowanie rzadziej spotykana w praktyce, mo\u017cliwo\u015b\u0107 orzeczenia kary ograniczenia wolno\u015bci, polegaj\u0105cej na p<strong>otr\u0105ceniu od 10% do 25% wynagrodzenia za prac\u0119 w stosunku miesi\u0119cznym na cel wskazany przez s\u0105d<\/strong>.<\/span><\/p>\n<p><span style=\"color: #000000; line-height: 2.1; font-size: 15px;\">W czasie wykonywania kary ograniczenia wolno\u015bci, <strong>skazany nie mo\u017ce zmienia\u0107 miejsca pobytu<\/strong> oraz <strong>ma obowi\u0105zek udzielania wyja\u015bnie\u0144 dotycz\u0105cych przebiegu odbywania kary<\/strong>. Nadz\u00f3r nad wykonywaniem kary ograniczenia wolno\u015bci sprawuje <strong>s\u0105d rejonowy, w okr\u0119gu kt\u00f3rego kara jest lub ma by\u0107 wykonywana<\/strong> \u2013 a zatem s\u0105d miejsca pobytu skazanego. Czynno\u015bci zwi\u0105zane z tym nadzorem, czyli organizacj\u0119 i kontrolowanie wykonywania tej kary, pe\u0142ni z kolei<strong> kurator s\u0105dowy<\/strong>.<\/span><\/p>\n<p><span style=\"color: #000000; line-height: 2.1; font-size: 15px;\">To w\u0142a\u015bnie kurator jest osob\u0105, kt\u00f3ra wyznaczy zak\u0142ad, w kt\u00f3rej skazany b\u0119dzie wykonywa\u0142 prac\u0119 na cele spo\u0142eczne, z listy dost\u0119pnych plac\u00f3wek, przekazanej mu przez w\u0142adze gminy (miasta). Zgodnie z przepisami, kurator, w ci\u0105gu 7 dni od dor\u0119czenia wyroku, wezwie skazanego oraz pouczy o prawach i obowi\u0105zkach skazanego. Podczas spotkania z kuratorem, przeprowadzi on <strong>wywiad<\/strong>, <strong>po kt\u00f3rym okre\u015bli rodzaj, miejsce i termin rozpocz\u0119cia pracy<\/strong>.<\/span><\/p>\n<p><span style=\"color: #000000; line-height: 2.1; font-size: 15px;\">Bardzo istotne jest, \u017ceby <strong>stawi\u0107 si\u0119 na spotkanie z kuratorem w wyznaczonym terminie,<\/strong> a tak\u017ce informowa\u0107 go o wszelkich wypadkach losowych, kt\u00f3re uniemo\u017cliwi\u0105 wykonania na\u0142o\u017conych obowi\u0105zk\u00f3w, czy odbycie spotkania. W wi\u0119kszo\u015bci przypadk\u00f3w, taka nieformalna, nawet telefoniczna droga kontaktu z kuratorem wystarczy do za\u0142atwienia konkretnej sprawy, np. prze\u0142o\u017cenia spotkania. <strong>Najwa\u017cniejszym jest nieignorowanie kuratora i pozostawanie z nim w sta\u0142ym kontakcie.<\/strong> Je\u015bli skazany naruszy kt\u00f3rykolwiek z obowi\u0105zk\u00f3w zwi\u0105zanych z wykonaniem kary ograniczenia wolno\u015bci, a kurator nie zostanie poinformowany z wyprzedzeniem o przyczynach takiego stanu rzeczy, prawdopodobnie z\u0142o\u017cy do s\u0105du wniosek o orzeczenie zast\u0119pczej kary pozbawienia wolno\u015bci.<\/span><\/p>\n<p><span style=\"color: #000000; line-height: 2.1; font-size: 15px;\">No dobrze, a co je\u015bli zosta\u0142a orzeczona wobec nas kara, kt\u00f3rej w danym momencie i w danej formie nie jeste\u015bmy w stanie wykona\u0107? Ot\u00f3\u017c istnieje kilka mo\u017cliwo\u015bci.<\/span><\/p>\n<p><span style=\"color: #000000; line-height: 2.1; font-size: 15px;\">W przypadku kary ograniczenia wolno\u015bci, podobnie jak w przypadku kary pozbawienia wolno\u015bci, <strong>istnieje mo\u017cliwo\u015b\u0107 odroczenia jej wykonania<\/strong> (prze\u0142o\u017cenia na p\u00f3\u017aniejszy termin, maksymalnie do 6 miesi\u0119cy), je\u017celi natychmiastowe wykonanie kary poci\u0105gn\u0119\u0142oby dla skazanego lub jego rodziny zbyt ci\u0119\u017ckie skutki. Istnieje tak\u017ce mo\u017cliwo\u015b\u0107 <strong>udzielenia przerwy w wykonywaniu kary ograniczenia wolno\u015bci<\/strong> (nieprzekraczaj\u0105cej 1 roku), ze wzgl\u0119du na stan zdrowia skazanego, uniemo\u017cliwiaj\u0105cy jej wykonanie.<\/span><\/p>\n<p><span style=\"color: #000000; line-height: 2.1; font-size: 15px;\">Co bardzo istotne, a o co cz\u0119sto pytaj\u0105 Klienci &#8211; w obecnie obowi\u0105zuj\u0105cym stanie prawnym <strong>nie ma mo\u017cliwo\u015bci zmiany kary ograniczenia wolno\u015bci na grzywn\u0119<\/strong>. Istniej\u0105 natomiast dwa inne sposoby zmiany orzeczonych obowi\u0105zk\u00f3w, o kt\u00f3rych warto pami\u0119ta\u0107.<\/span><\/p>\n<p><span style=\"color: #000000; line-height: 2.1; font-size: 15px;\">Pierwszym z nich, jest <strong>mo\u017cliwo\u015b\u0107 zamiany obowi\u0105zku wykonywania kary ograniczenia wolno\u015bci na potr\u0105cenie z wynagrodzenia<\/strong> (10% wynagrodzenia odpowiada 20 godzin pracy na cele spo\u0142eczne). Jest to szczeg\u00f3lnie przydatne w sytuacji, w kt\u00f3rej skazany nie mo\u017ce, z uzasadnionych przyczyn, podj\u0105\u0107 si\u0119 wykonywania pracy spo\u0142ecznej w okre\u015blonym terminie \u2013 np. ze wzgl\u0119du na prac\u0119 na pe\u0142en etat, z kt\u00f3rej nie mo\u017ce zrezygnowa\u0107.<\/span><\/p>\n<p><span style=\"color: #000000; line-height: 2.1; font-size: 15px;\">Drug\u0105 ciekaw\u0105 mo\u017cliwo\u015bci\u0105 jest <strong>mo\u017cliwo\u015b\u0107 rozliczenia godzin nieodp\u0142atnej pracy w innych okresach ni\u017c miesi\u0119czny<\/strong>, nie przekraczaj\u0105c okresu orzeczonej kary oraz orzeczonej \u0142\u0105cznej liczby godzin. Ta mo\u017cliwo\u015b\u0107 pozwoli skazanemu na skumulowanie kary, orzeczonej np. w wymiarze 6 miesi\u0119cy po 20 godzin w miesi\u0105cu, i odbycie ca\u0142o\u015bci kary (120 godzin) w czasie \u2013 przyk\u0142adowo \u2013 jednego miesi\u0105ca. Takie rozwi\u0105zanie pozwala wykona\u0107 obowi\u0105zek szybciej, korzystaj\u0105c np. z okresu urlopowego u pracodawcy.<\/span><\/p>\n<p><span style=\"color: #000000; line-height: 2.1; font-size: 15px;\">Obie powy\u017cej opisane mo\u017cliwo\u015bci zale\u017c\u0105 od decyzji s\u0105du. <strong>S\u0105d wydaje postanowienie na wniosek skazanego. Na wydane postanowienie przys\u0142uguje za\u017calenie.<\/strong><\/span><\/p>\n<p><span style=\"color: #000000; line-height: 2.1; font-size: 15px;\">Ostatni\u0105, &#8222;awaryjn\u0105&#8221; mo\u017cliwo\u015bci\u0105 unikni\u0119cia nieprzyjemnych konsekwencji zwi\u0105zanych z niewykonaniem kary ograniczenia wolno\u015bci, jest <strong>uznanie kary za wykonan\u0105<\/strong> \u2013 instytucja na pierwszy rzut oka zbli\u017cona do przedterminowego pozbawienia wolno\u015bci. Uznanie kary za wykonan\u0105 (w ca\u0142o\u015bci lub w cz\u0119\u015bci) mo\u017ce mie\u0107 miejsce w przypadku up\u0142yni\u0119cia czasu, na kt\u00f3ry orzeczono kar\u0119 ograniczenia wolno\u015bci, oraz:<\/span><\/p>\n<ul>\n<li><span style=\"color: #000000; line-height: 2.1; font-size: 15px;\"><strong>niewykonania pe\u0142nego wymiaru pracy,<\/strong><\/span><\/li>\n<li><span style=\"color: #000000; line-height: 2.1; font-size: 15px;\"><strong>niedokonania ca\u0142o\u015bci potr\u0105ce\u0144 z wynagrodzenia za prac\u0119,<\/strong><\/span><\/li>\n<li><span style=\"color: #000000; line-height: 2.1; font-size: 15px;\"><strong>niewykonania innych obowi\u0105zk\u00f3w.<\/strong><\/span><\/li>\n<\/ul>\n<p><span style=\"color: #000000; line-height: 2.1; font-size: 15px;\">W takim wypadku, je\u015bli skazany wykona\u0142 np. po\u0142ow\u0119 z orzeczonych godzin, <strong>s\u0105d mo\u017ce uzna\u0107 kar\u0119 za cz\u0119\u015bciowo lub ca\u0142kowicie wykonan\u0105 i zwolni\u0107 go od wykonania pozosta\u0142ej cz\u0119\u015bci kary<\/strong>. Orzeczenie takie wyda s\u0105d, je\u015bli uzna, i\u017c <strong>cele kary zosta\u0142y wobec danego skazanego osi\u0105gni\u0119te<\/strong>. W tym wypadku nale\u017cy jednak pami\u0119ta\u0107, \u017ce <strong>s\u0105d nie ma obowi\u0105zku wyda\u0107 takiego orzeczenia<\/strong>, a jego decyzja zale\u017cy od swobodnego uznania s\u0105du. Tym samym, jest to pewne ko\u0142o ratunkowe dla os\u00f3b, kt\u00f3re z r\u00f3\u017cnych powod\u00f3w nie zd\u0105\u017cy\u0142y wykona\u0107 kary w ca\u0142o\u015bci, jednak\u017ce <strong>wysoce nierozs\u0105dnym <\/strong>by\u0142oby niepodj\u0119cie si\u0119 wykonania orzeczonych obowi\u0105zk\u00f3w, licz\u0105c, \u017ce s\u0105d zwolni nas od nich na omawianej podstawie.<\/span><\/p>\n<hr \/>\n<p><span style=\"color: #000000; line-height: 2.1; font-size: 15px;\"><strong>PAMI\u0118TAJ!<\/strong> Je\u015bli s\u0105d orzek\u0142 wobec Ciebie kar\u0119 ograniczenia wolno\u015bci, kt\u00f3rej, jak Ci si\u0119 wydaje \u2013 nie masz mo\u017cliwo\u015bci wykona\u0107 \u2013 nie unikaj jej wykonania, nie ignoruj wezwa\u0144 od kuratora, nie licz, \u017ce s\u0105d &#8222;zapomni o sprawie&#8221;. Mo\u017ce to poci\u0105gn\u0105\u0107 za sob\u0105 znacznie wi\u0119ksze dolegliwo\u015bci, ni\u017c samo wykonanie kary, tym bardziej &#8211; w \u015bwietle istnienia wy\u017cej opisanych mo\u017cliwo\u015bci zmiany sposobu wykonywania tej kary. I pami\u0119taj \u2013 o czym nieustannie przypominam moim Klientom &#8211; <strong>zawsze odbieraj korespondencj\u0119 z s\u0105du.<\/strong><\/span><\/p>\n<hr \/>\n<p><span style=\"color: #000000; line-height: 2.1; font-size: 15px;\">W kolejnej cz\u0119\u015bci artyku\u0142u \u2013 o tym, co robi\u0107, gdy kurator wnosi o orzeczenie <strong>zast\u0119pczej kary pozbawienia wolno\u015bci.<\/strong><\/span><\/p>\n<\/div>\n","protected":false},"excerpt":{"rendered":"<p>Jednym z cz\u0119stych problem\u00f3w, z jakimi zg\u0142aszaj\u0105 si\u0119 do mnie Klienci, s\u0105 kwestie zwi\u0105zane z wykonywaniem kary ograniczenia wolno\u015bci. Niewykonanie tej kary \u2013 czy, pos\u0142uguj\u0105c si\u0119 j\u0119zykiem kodeksowym, \u201euchylanie si\u0119\u201d od jej wykonania \u2013 rodzi z regu\u0142y przykre i mocno dolegliwe konsekwencje. Na skuteczn\u0105 pomoc jest ju\u017c wtedy cz\u0119sto zbyt p\u00f3\u017ano, a Klient, kt\u00f3ry \u201ezapomnia\u0142\u201d&hellip; <br \/> <a class=\"read-more\" href=\"https:\/\/paplinska.pl\/wordpress\/2018\/08\/30\/kara-ograniczenia-wolnosci\/\">Czytaj wi\u0119cej<\/a><\/p>\n","protected":false},"author":1,"featured_media":288,"comment_status":"open","ping_status":"open","sticky":false,"template":"","format":"standard","meta":{"_mi_skip_tracking":false},"categories":[5],"tags":[15,18,17,9,14,19,16],"aioseo_notices":[],"_links":{"self":[{"href":"https:\/\/paplinska.pl\/wordpress\/wp-json\/wp\/v2\/posts\/59"}],"collection":[{"href":"https:\/\/paplinska.pl\/wordpress\/wp-json\/wp\/v2\/posts"}],"about":[{"href":"https:\/\/paplinska.pl\/wordpress\/wp-json\/wp\/v2\/types\/post"}],"author":[{"embeddable":true,"href":"https:\/\/paplinska.pl\/wordpress\/wp-json\/wp\/v2\/users\/1"}],"replies":[{"embeddable":true,"href":"https:\/\/paplinska.pl\/wordpress\/wp-json\/wp\/v2\/comments?post=59"}],"version-history":[{"count":19,"href":"https:\/\/paplinska.pl\/wordpress\/wp-json\/wp\/v2\/posts\/59\/revisions"}],"predecessor-version":[{"id":316,"href":"https:\/\/paplinska.pl\/wordpress\/wp-json\/wp\/v2\/posts\/59\/revisions\/316"}],"wp:featuredmedia":[{"embeddable":true,"href":"https:\/\/paplinska.pl\/wordpress\/wp-json\/wp\/v2\/media\/288"}],"wp:attachment":[{"href":"https:\/\/paplinska.pl\/wordpress\/wp-json\/wp\/v2\/media?parent=59"}],"wp:term":[{"taxonomy":"category","embeddable":true,"href":"https:\/\/paplinska.pl\/wordpress\/wp-json\/wp\/v2\/categories?post=59"},{"taxonomy":"post_tag","embeddable":true,"href":"https:\/\/paplinska.pl\/wordpress\/wp-json\/wp\/v2\/tags?post=59"}],"curies":[{"name":"wp","href":"https:\/\/api.w.org\/{rel}","templated":true}]}}